{"id":210011,"date":"2026-06-21T16:36:22","date_gmt":"2026-06-21T16:36:22","guid":{"rendered":"https:\/\/www.europesays.com\/ee\/210011\/"},"modified":"2026-06-21T16:36:22","modified_gmt":"2026-06-21T16:36:22","slug":"eesti-olumpiakomitee-teenetemargi-palvis-kuus-sporditegelast","status":"publish","type":"post","link":"https:\/\/www.europesays.com\/ee\/210011\/","title":{"rendered":"Eesti Ol\u00fcmpiakomitee teenetem\u00e4rgi p\u00e4lvis kuus sporditegelast"},"content":{"rendered":"<p>EOK k\u00f5rgeima tunnustuse, Eesti Ol\u00fcmpiakomitee teenetem\u00e4rgi p\u00e4lvisid:  <\/p>\n<p><a rel=\"noopener nofollow\" target=\"_blank\" href=\"https:\/\/www.delfi.ee\/teema\/65021640\/aivar-tuulberg\" tag-id=\"65021640\">Aivar Tuulberg<\/a> \u2013 Aastak\u00fcmneid aktiivselt Eesti sporti toetanud ettev\u00f5tja Aivar Tuulberg on lisaks ka \u00fcks Eesti silmapaistvamaid avamerepurjetajaid. Jahi Katariina II kaptenina on toodud medaleid nii Euroopa meistriv\u00f5istlustelt kui maailmameistriv\u00f5istlustelt, lisaks on ta tulnud mitmel korral Eesti, L\u00e4ti, Leedu, Soome meistriks.<\/p>\n<p><a rel=\"noopener nofollow\" target=\"_blank\" href=\"https:\/\/www.delfi.ee\/teema\/1837\/allar-levandi\" tag-id=\"1837\">Allar Levandi<\/a> \u2013 Levandi sportlaskarj\u00e4\u00e4ri tippsaavutuseks oli pronksmedal 1988. aasta taliol\u00fcmpiam\u00e4ngudel Calgarys. Kui tol medali\u00f6\u00f6l ei kustunud tuled Eestimaa akendes, siis t\u00e4naseni ei ole kustunud spordivaim ka Allari sees. Tema juhtimisel on PAF kujunenud oluliseks partneriks paljudele Eesti spordi- ja kogukonnaalgatustele.  <\/p>\n<p><a rel=\"noopener nofollow\" target=\"_blank\" href=\"https:\/\/www.delfi.ee\/teema\/68691345\/magnus-kirt\" tag-id=\"68691345\">Magnus Kirt<\/a>  \u2013 T\u00f5rvast p\u00e4rit odaviskaja Magnus Kirt j\u00f5udis maailma tipus olla l\u00fchikest aega, aga sedav\u00f5rd s\u00e4ravat, t\u00e4helepanu t\u00f5mbavat ja dramaatilist lendu on Eesti spordiloost raske leida. Tema sportlaskarj\u00e4\u00e4ri tipphetkedeks on MMi h\u00f5bemedal 2019. aastal Dohas ning EMi pronksmedal aasta varem Berliinis. T\u00e4na tegutseb Kirt usinalt noorte odaviskajate juhendajana.<\/p>\n<p><a rel=\"noopener nofollow\" target=\"_blank\" href=\"https:\/\/www.delfi.ee\/teema\/96944082\/merike-oun\" tag-id=\"96944082\">Merike \u00d5un<\/a>  \u2013 V\u00f5rumaa spordihingeks peetav Merike \u00d5un on V\u00f5rumaa spordiliidu tegevjuht, kes viib liikumisr\u00f5\u00f5mu tuhandete harrastajateni. Kogenud spordikorraldajana on ta aidanud ellu viia murdmaasuusatamise ning kahev\u00f5istluse MK-etappe.<\/p>\n<p><a rel=\"noopener nofollow\" target=\"_blank\" href=\"https:\/\/www.delfi.ee\/teema\/73576513\/tonis-teesalu\" tag-id=\"73576513\">T\u00f5nis Teesalu<\/a>  \u2013 \u00dcle 30 aasta Eesti saalihokit vedanud ja ehitanud T\u00f5nis Teesalu ametiajal alaliidu peasekret\u00e4rina j\u00f5udis Eesti meeste koondis 5 korda maailmameistriv\u00f5istlustel veerandfinaali. Ta kasvatas 1994. aastal nullist alustanud saalihoki enam kui 1000 harrastajaga spordialaks, mida Eestis teatakse ja tuntakse ning mida m\u00e4ngitakse ka koolides.<\/p>\n<p><a rel=\"noopener nofollow\" target=\"_blank\" href=\"https:\/\/www.delfi.ee\/teema\/75316241\/jaan-tults\" tag-id=\"75316241\">Jaan Tults<\/a>  \u2013  \u00dcle poole sajandi Eesti s\u00f5udmist edendanud Jaan Tults oli nii sportlane, treener, kohtunik kui ka spordijuht. Vahel taustal, vahel eesliinil, aga alati olemas. Ta vedas ikka lubatu v\u00e4lja, andes hindamatu panuse Eesti s\u00f5udespordi j\u00e4rjepidevusse ja edusse&#8230;<\/p>\n<p>Endine odaviskaja, 2019. aasta Doha MMi h\u00f5bemedalist Magnus Kirt tunnistas, et teenetem\u00e4rgi saamine tuli talle v\u00e4ga suure \u00fcllatusena. \u201eMul on v\u00e4ga hea meel, et minu teod ja saavutused ning panus on kellelegi korda l\u00e4inud. Praegu teen vaikselt treenerit\u00f6\u00f6d ning loodan, et aitan noortel sportlastel ja tippudel tulevikus veelgi emotsioone ja medaleid tuua,\u201c \u00fctles Kirt.<\/p>\n","protected":false},"excerpt":{"rendered":"EOK k\u00f5rgeima tunnustuse, Eesti Ol\u00fcmpiakomitee teenetem\u00e4rgi p\u00e4lvisid: Aivar Tuulberg \u2013 Aastak\u00fcmneid aktiivselt Eesti sporti toetanud ettev\u00f5tja Aivar Tuulberg&hellip;\n","protected":false},"author":2,"featured_media":210012,"comment_status":"","ping_status":"","sticky":false,"template":"","format":"standard","meta":{"footnotes":"","_share_on_mastodon":"0"},"categories":[12],"tags":[85658,12798,26,27,37,33,35,2247,34,36,31,32,21,77555,28,29,1067,25682,19,25,85659,23,24,22,20,30],"class_list":["post-210011","post","type-post","status-publish","format-standard","has-post-thumbnail","category-eesti","tag-aivar-tuulberg","tag-allar-levandi","tag-breaking-news","tag-breakingnews","tag-ee","tag-eesti","tag-eesti-keel","tag-eok","tag-estonia","tag-estonian","tag-featured-news","tag-featurednews","tag-headlines","tag-jaan-tults","tag-latest-news","tag-latestnews","tag-magnus-kirt","tag-merike-oun","tag-news","tag-populaarseimad-lood","tag-tonis-teesalu","tag-top-stories","tag-topstories","tag-uldised-uudised","tag-uudised","tag-viimased-uudised"],"share_on_mastodon":{"url":"https:\/\/pubeurope.com\/@ee\/116789076680957415","error":""},"_links":{"self":[{"href":"https:\/\/www.europesays.com\/ee\/wp-json\/wp\/v2\/posts\/210011","targetHints":{"allow":["GET"]}}],"collection":[{"href":"https:\/\/www.europesays.com\/ee\/wp-json\/wp\/v2\/posts"}],"about":[{"href":"https:\/\/www.europesays.com\/ee\/wp-json\/wp\/v2\/types\/post"}],"author":[{"embeddable":true,"href":"https:\/\/www.europesays.com\/ee\/wp-json\/wp\/v2\/users\/2"}],"replies":[{"embeddable":true,"href":"https:\/\/www.europesays.com\/ee\/wp-json\/wp\/v2\/comments?post=210011"}],"version-history":[{"count":0,"href":"https:\/\/www.europesays.com\/ee\/wp-json\/wp\/v2\/posts\/210011\/revisions"}],"wp:featuredmedia":[{"embeddable":true,"href":"https:\/\/www.europesays.com\/ee\/wp-json\/wp\/v2\/media\/210012"}],"wp:attachment":[{"href":"https:\/\/www.europesays.com\/ee\/wp-json\/wp\/v2\/media?parent=210011"}],"wp:term":[{"taxonomy":"category","embeddable":true,"href":"https:\/\/www.europesays.com\/ee\/wp-json\/wp\/v2\/categories?post=210011"},{"taxonomy":"post_tag","embeddable":true,"href":"https:\/\/www.europesays.com\/ee\/wp-json\/wp\/v2\/tags?post=210011"}],"curies":[{"name":"wp","href":"https:\/\/api.w.org\/{rel}","templated":true}]}}