{"id":21004,"date":"2025-10-16T14:04:08","date_gmt":"2025-10-16T14:04:08","guid":{"rendered":"https:\/\/www.europesays.com\/ee\/21004\/"},"modified":"2025-10-16T14:04:08","modified_gmt":"2025-10-16T14:04:08","slug":"kohtunik-nouab-selgitusi-miks-ei-saa-johanna-maria-lehtme-kohtusse-kohale-tulla","status":"publish","type":"post","link":"https:\/\/www.europesays.com\/ee\/21004\/","title":{"rendered":"Kohtunik n\u00f5uab selgitusi, miks ei saa Johanna-Maria Lehtme kohtusse kohale tulla"},"content":{"rendered":"<p>Taotluse lubada Lehtmel osaleda istungitel video vahendusel esitas 7. oktoobril peetud eelistungil kaitsja Dmitri Tepl\u00f5hh ning sellele ei olnud vastuv\u00e4iteid ka riigiprokur\u00f6r Sigrid Nurmel. \u00abKui kaitsja leiab, et suudab tagada kaitse\u00f5iguse ka siis, kui tema klient osaleb istungitel video vahendusel, siis ei vaidle ma sellele vastu,\u00bb lausus Nurm.<\/p>\n<p>Kohtunik uuris siis Lehtmelt, kas talle sobib osaleda istungitel video kaudu ning kas saalis toimuv on talle h\u00e4sti kuuldav ja n\u00e4htav. \u00abAustatud kohus, istungi k\u00e4igus tuli see v\u00e4lja k\u00fcll,\u00bb vastas Lehtme.<\/p>\n","protected":false},"excerpt":{"rendered":"Taotluse lubada Lehtmel osaleda istungitel video vahendusel esitas 7. oktoobril peetud eelistungil kaitsja Dmitri Tepl\u00f5hh ning sellele ei&hellip;\n","protected":false},"author":2,"featured_media":21005,"comment_status":"","ping_status":"","sticky":false,"template":"","format":"standard","meta":{"footnotes":"","_share_on_mastodon":"0"},"categories":[5],"tags":[26,27,12123,37,33,35,34,36,31,32,3995,21,1751,28,29,19,25,9521,12122,23,24,22,20,30],"class_list":["post-21004","post","type-post","status-publish","format-standard","has-post-thumbnail","category-uldised-uudised","tag-breaking-news","tag-breakingnews","tag-dmitri-teplohh","tag-ee","tag-eesti","tag-eesti-keel","tag-estonia","tag-estonian","tag-featured-news","tag-featurednews","tag-harju-maakohus","tag-headlines","tag-johanna-maria-lehtme","tag-latest-news","tag-latestnews","tag-news","tag-populaarseimad-lood","tag-sigrid-nurm","tag-siim-moistlik","tag-top-stories","tag-topstories","tag-uldised-uudised","tag-uudised","tag-viimased-uudised"],"share_on_mastodon":{"url":"","error":""},"_links":{"self":[{"href":"https:\/\/www.europesays.com\/ee\/wp-json\/wp\/v2\/posts\/21004","targetHints":{"allow":["GET"]}}],"collection":[{"href":"https:\/\/www.europesays.com\/ee\/wp-json\/wp\/v2\/posts"}],"about":[{"href":"https:\/\/www.europesays.com\/ee\/wp-json\/wp\/v2\/types\/post"}],"author":[{"embeddable":true,"href":"https:\/\/www.europesays.com\/ee\/wp-json\/wp\/v2\/users\/2"}],"replies":[{"embeddable":true,"href":"https:\/\/www.europesays.com\/ee\/wp-json\/wp\/v2\/comments?post=21004"}],"version-history":[{"count":0,"href":"https:\/\/www.europesays.com\/ee\/wp-json\/wp\/v2\/posts\/21004\/revisions"}],"wp:featuredmedia":[{"embeddable":true,"href":"https:\/\/www.europesays.com\/ee\/wp-json\/wp\/v2\/media\/21005"}],"wp:attachment":[{"href":"https:\/\/www.europesays.com\/ee\/wp-json\/wp\/v2\/media?parent=21004"}],"wp:term":[{"taxonomy":"category","embeddable":true,"href":"https:\/\/www.europesays.com\/ee\/wp-json\/wp\/v2\/categories?post=21004"},{"taxonomy":"post_tag","embeddable":true,"href":"https:\/\/www.europesays.com\/ee\/wp-json\/wp\/v2\/tags?post=21004"}],"curies":[{"name":"wp","href":"https:\/\/api.w.org\/{rel}","templated":true}]}}