{"id":210060,"date":"2026-06-21T17:41:09","date_gmt":"2026-06-21T17:41:09","guid":{"rendered":"https:\/\/www.europesays.com\/ee\/210060\/"},"modified":"2026-06-21T17:41:09","modified_gmt":"2026-06-21T17:41:09","slug":"teadlane-pruulis-olle-sisse-vaktsiini-ja-see-toimiski","status":"publish","type":"post","link":"https:\/\/www.europesays.com\/ee\/210060\/","title":{"rendered":"Teadlane pruulis \u00f5lle sisse vaktsiini ja see toimiski"},"content":{"rendered":"<p>Enamik inimesi seostab vaktsiini s\u00fcstla, mitte \u00f5llekruusiga. \u00dcks teadlane otsustas aga proovida, kas immuunkaitset v\u00f5iks tugevdada m\u00e4rksa meelep\u00e4rasemal viisil ning pruulis selleks lausa spetsiaalse \u00f5lle. Tulemus tekitas elevust, kriitikat ja hulga k\u00fcsimusi korraga. \u00dchelt poolt r\u00e4\u00e4gitakse v\u00f5imalikust l\u00e4bimurdest, teiselt poolt hoiatavad eksperdid liigse vaimustuse eest. Kas tulevikus v\u00f5ib juhtuda, et kaitses\u00fcstide asemel pakutakse hoopis terviseks? Olgu \u00f6eldud, et see enda peal tehtud katse on vallandanud nii arutelusid kui \u00e4gedat kriitikatki.<\/p>\n","protected":false},"excerpt":{"rendered":"Enamik inimesi seostab vaktsiini s\u00fcstla, mitte \u00f5llekruusiga. \u00dcks teadlane otsustas aga proovida, kas immuunkaitset v\u00f5iks tugevdada m\u00e4rksa meelep\u00e4rasemal&hellip;\n","protected":false},"author":2,"featured_media":210061,"comment_status":"","ping_status":"","sticky":false,"template":"","format":"standard","meta":{"footnotes":"","_share_on_mastodon":"0"},"categories":[80],"tags":[286,313,297,301,281,26,27,37,33,35,311,34,36,31,32,309,282,315,21,307,304,287,302,28,29,291,285,283,305,95,310,303,299,19,298,289,25,314,296,290,312,300,169,284,292,280,295,308,23,24,22,293,288,20,294,30,92,93,94,306],"class_list":["post-210060","post","type-post","status-publish","format-standard","has-post-thumbnail","category-maailm","tag-ajalugu","tag-antiigiaeg","tag-arheoloogia","tag-asteroid","tag-biograafia","tag-breaking-news","tag-breakingnews","tag-ee","tag-eesti","tag-eesti-keel","tag-elusloodus","tag-estonia","tag-estonian","tag-featured-news","tag-featurednews","tag-geneetika","tag-geograafia","tag-geoloogia","tag-headlines","tag-kaitumine","tag-keskkond","tag-kosmos","tag-kosmoselaev","tag-latest-news","tag-latestnews","tag-leiutaja","tag-loodus","tag-loodusteadus","tag-loomad","tag-maailm","tag-malu","tag-nasa","tag-new-scientist","tag-news","tag-okoloogia","tag-planeet","tag-populaarseimad-lood","tag-pronksiaeg","tag-psuhholoogia","tag-rakett","tag-rauaaeg","tag-satelliit","tag-statistika","tag-tapisteadus","tag-teadlane","tag-teadus","tag-teadustoo","tag-tervis","tag-top-stories","tag-topstories","tag-uldised-uudised","tag-ulikool","tag-universum","tag-uudised","tag-uuring","tag-viimased-uudised","tag-world","tag-world-news","tag-worldnews","tag-zooloogia"],"share_on_mastodon":{"url":"","error":"Validation failed: Text character limit of 500 exceeded"},"_links":{"self":[{"href":"https:\/\/www.europesays.com\/ee\/wp-json\/wp\/v2\/posts\/210060","targetHints":{"allow":["GET"]}}],"collection":[{"href":"https:\/\/www.europesays.com\/ee\/wp-json\/wp\/v2\/posts"}],"about":[{"href":"https:\/\/www.europesays.com\/ee\/wp-json\/wp\/v2\/types\/post"}],"author":[{"embeddable":true,"href":"https:\/\/www.europesays.com\/ee\/wp-json\/wp\/v2\/users\/2"}],"replies":[{"embeddable":true,"href":"https:\/\/www.europesays.com\/ee\/wp-json\/wp\/v2\/comments?post=210060"}],"version-history":[{"count":0,"href":"https:\/\/www.europesays.com\/ee\/wp-json\/wp\/v2\/posts\/210060\/revisions"}],"wp:featuredmedia":[{"embeddable":true,"href":"https:\/\/www.europesays.com\/ee\/wp-json\/wp\/v2\/media\/210061"}],"wp:attachment":[{"href":"https:\/\/www.europesays.com\/ee\/wp-json\/wp\/v2\/media?parent=210060"}],"wp:term":[{"taxonomy":"category","embeddable":true,"href":"https:\/\/www.europesays.com\/ee\/wp-json\/wp\/v2\/categories?post=210060"},{"taxonomy":"post_tag","embeddable":true,"href":"https:\/\/www.europesays.com\/ee\/wp-json\/wp\/v2\/tags?post=210060"}],"curies":[{"name":"wp","href":"https:\/\/api.w.org\/{rel}","templated":true}]}}