{"id":210139,"date":"2026-06-21T19:20:46","date_gmt":"2026-06-21T19:20:46","guid":{"rendered":"https:\/\/www.europesays.com\/ee\/210139\/"},"modified":"2026-06-21T19:20:46","modified_gmt":"2026-06-21T19:20:46","slug":"kahe-vahel-%e2%9f%a9-valisministeeriumi-protokolliosakonna-juht-zelenskoist-tal-on-vaga-hea-lastetuba","status":"publish","type":"post","link":"https:\/\/www.europesays.com\/ee\/210139\/","title":{"rendered":"KAHE VAHEL \u27e9 V\u00e4lisministeeriumi protokolliosakonna juht Zelensk\u00f5ist: tal on v\u00e4ga hea lastetuba"},"content":{"rendered":"<p>Seekordses Kuku raadio saates \u00abKahe Vahel\u00bb v\u00f5\u00f5rustasid saatejuhid Timo Tarve ja Ainar Ruussaar v\u00e4lisministeeriumi protokolliosakonna juhti Urmas Eiglat, kes muu seas vastutab Eestit k\u00fclastavate k\u00f5rgete k\u00fclaliste v\u00f5\u00f5rustamise eest. T\u00e4ispikka intervjuud Eiglaga saab kuulata saatest.<\/p>\n<p>Diplomaat Urmas Eigla on l\u00f5petanud Eesti Humanitaarinstituudi romanistika eriala ja t\u00e4iendanud end Firenze \u00fclikoolis. V\u00e4lisministeeriumis on ta teeninud Eesti riiki mitmesugustel ametikohtadel. 27 aasta jooksul v\u00e4listeenistuses on ta t\u00f6\u00f6tanud Eesti saatkondades Roomas ja Lissabonis ning erimissioonil Brasiilias. Eigla on olnud Eesti suursaadik mitmes Ladina-Ameerika riigis ning vastutab t\u00e4na Eesti riigi k\u00f5rgetasemeliste v\u00e4lisk\u00fclaliste visiitide eest \u2013 olgu v\u00f5\u00f5rustajaks president, peaminister v\u00f5i v\u00e4lisminister.<\/p>\n<p>K\u00f5neldes iseseisva Eesti protokollist, taasiseseisvunud Eesti protokollist ja etiketist, ei saa me vist \u00fcle ega \u00fcmber Lennart Merist, kellele endale meeldiski olla vahel protokoll ja etikett \u00fches isikus. Kui palju l\u00e4htub Eesti riigi protokoll omaaegsest Lennart Meri kujundatud stiilist ja m\u00e4rkidest t\u00e4na?<\/p>\n","protected":false},"excerpt":{"rendered":"Seekordses Kuku raadio saates \u00abKahe Vahel\u00bb v\u00f5\u00f5rustasid saatejuhid Timo Tarve ja Ainar Ruussaar v\u00e4lisministeeriumi protokolliosakonna juhti Urmas Eiglat,&hellip;\n","protected":false},"author":2,"featured_media":210140,"comment_status":"","ping_status":"","sticky":false,"template":"","format":"standard","meta":{"footnotes":"","_share_on_mastodon":"0"},"categories":[80],"tags":[34354,1267,85702,4513,26,27,37,33,35,34,36,31,32,21,85703,10275,456,28,29,3007,95,85704,54,31644,19,25,14416,40850,85705,23,24,22,85701,20,2486,30,263,92,93,94],"class_list":["post-210139","post","type-post","status-publish","format-standard","has-post-thumbnail","category-maailm","tag-ainar-ruussaar","tag-alexander-stubb","tag-arraiolose-formaat","tag-arvo-part","tag-breaking-news","tag-breakingnews","tag-ee","tag-eesti","tag-eesti-keel","tag-estonia","tag-estonian","tag-featured-news","tag-featurednews","tag-headlines","tag-jose-manuel-barroso","tag-kuku-raadio","tag-kuressaare","tag-latest-news","tag-latestnews","tag-lennart-meri","tag-maailm","tag-mariinskyi-palee","tag-nato","tag-nb8","tag-news","tag-populaarseimad-lood","tag-rooma-paavst","tag-taani-kuningas","tag-timo-tarve","tag-top-stories","tag-topstories","tag-uldised-uudised","tag-urmas-eigla","tag-uudised","tag-valisministeerium","tag-viimased-uudised","tag-volodomor-zelenskoi","tag-world","tag-world-news","tag-worldnews"],"share_on_mastodon":{"url":"","error":"Validation failed: Text character limit of 500 exceeded"},"_links":{"self":[{"href":"https:\/\/www.europesays.com\/ee\/wp-json\/wp\/v2\/posts\/210139","targetHints":{"allow":["GET"]}}],"collection":[{"href":"https:\/\/www.europesays.com\/ee\/wp-json\/wp\/v2\/posts"}],"about":[{"href":"https:\/\/www.europesays.com\/ee\/wp-json\/wp\/v2\/types\/post"}],"author":[{"embeddable":true,"href":"https:\/\/www.europesays.com\/ee\/wp-json\/wp\/v2\/users\/2"}],"replies":[{"embeddable":true,"href":"https:\/\/www.europesays.com\/ee\/wp-json\/wp\/v2\/comments?post=210139"}],"version-history":[{"count":0,"href":"https:\/\/www.europesays.com\/ee\/wp-json\/wp\/v2\/posts\/210139\/revisions"}],"wp:featuredmedia":[{"embeddable":true,"href":"https:\/\/www.europesays.com\/ee\/wp-json\/wp\/v2\/media\/210140"}],"wp:attachment":[{"href":"https:\/\/www.europesays.com\/ee\/wp-json\/wp\/v2\/media?parent=210139"}],"wp:term":[{"taxonomy":"category","embeddable":true,"href":"https:\/\/www.europesays.com\/ee\/wp-json\/wp\/v2\/categories?post=210139"},{"taxonomy":"post_tag","embeddable":true,"href":"https:\/\/www.europesays.com\/ee\/wp-json\/wp\/v2\/tags?post=210139"}],"curies":[{"name":"wp","href":"https:\/\/api.w.org\/{rel}","templated":true}]}}