{"id":210189,"date":"2026-06-21T20:40:11","date_gmt":"2026-06-21T20:40:11","guid":{"rendered":"https:\/\/www.europesays.com\/ee\/210189\/"},"modified":"2026-06-21T20:40:11","modified_gmt":"2026-06-21T20:40:11","slug":"taispikkuses-vaata-uuesti-meeste-euroopa-discgolfi-festivali-finaali-delfi-sport","status":"publish","type":"post","link":"https:\/\/www.europesays.com\/ee\/210189\/","title":{"rendered":"T\u00c4ISPIKKUSES | Vaata uuesti meeste Euroopa Discgolfi Festivali finaali &#8211; Delfi Sport"},"content":{"rendered":"<ol>\n<li><a href=\"https:\/\/news.google.com\/rss\/articles\/CBMirwFBVV95cUxQclBpUzRtNEdrWnM4NU5KX0FNOVFPWlRXRWNMSXhwMzROUkppZGphVGhLYXBRbVFwOW9zNzQwMC1XYVkxYmJFaWt6aVlaNU9HUG5xdDFZakVHNk5wMEVRREVoSFhsX253OWl4WTAxd3NHRnlTb3VPVzZSbWp1aWJiaHdsUG1qZVBiYU15X0FHNzdOY2YzLWR4TjdMNDdyV21FYlVNNXJxLWV4ZmZPYzhv?oc=5\" target=\"_blank\" rel=\"nofollow noopener\">T\u00c4ISPIKKUSES | Vaata uuesti meeste Euroopa Discgolfi Festivali finaali<\/a>&nbsp;&nbsp;Delfi Sport<\/li>\n<li><a href=\"https:\/\/news.google.com\/rss\/articles\/CBMiqAFBVV95cUxNM25jOGs1Q0ZzX2JuR0tRaERFN1ZNNENRdFJjRFgtVFNJWkhyeXpyWmNvTE0tRlNfaFBuNldPSnVKeEs1d3JtWFNpWDU5SFJFYWh4SVpVbVhMM0hPR3BoNnlZNEg5b1RTRVFIY2VoaWg0RTVXempjMXdOYzJkeFBwTjczbm5DOC15YWVIUWR6dUgzYWttTTMtUEowZ2FxZWl1NXJORHFXaWw?oc=5\" target=\"_blank\" rel=\"nofollow noopener\">GALERII | USA-s karastunud Villmann tegigi p\u00f6\u00f6rase tagasituleku teoks<\/a>&nbsp;&nbsp;\u00d5htuleht<\/li>\n<li><a href=\"https:\/\/news.google.com\/rss\/articles\/CBMinAFBVV95cUxNOHh2dWJqNUN2cVdnd01FX09LTmo5QXgwVURJQlhSREFWaGppNjRGS0NyNFVNQ21iTFJyenBjYTlTZkRSQXZlbk5vWnQ0N3RZX2FrMVBURTE5RmJWNWhGV3pJclI3eDdwVDRpa2lCSDJLVUpVYXJ6SDQ5NUY2NWliR0VGQkNEVlNDNTNjcF9tWGRtYUMtODZtLWxwOTk?oc=5\" target=\"_blank\" rel=\"nofollow noopener\">Mauri Villmann tuli kodusel turniiril Eesti parimana \u00fcheksandaks<\/a>&nbsp;&nbsp;sport | ERR<\/li>\n<li><a href=\"https:\/\/news.google.com\/rss\/articles\/CBMi5gFBVV95cUxOTnd2OGczaUhQMk00Q3ZyTzFTWFlhTVZFbUc1Ql9VdzgtelM1ZV9Db2tUdmw5NzNNRms0ZF9QeVZmYk1UcmptMkJZN0VTenIzM1NBZEpLdV9VeTJVTXY3eUlwdDQ5Slk3cTBOaFM1TTZfbTVubjBuZVQ3ZnQwUXp5V1FYbVNGVDItZ3lDOV94Xy1hSVJsUHJZWFJPWmxia0lXY3J1dUxaRndkeE1IM2trZ0hobXRvM3d5UjI5Qm1LRG9PQjZXMHhEWHJlVjVSSFVBLWszc1lCTXh4S1JIUTgweTlDZUFRZw?oc=5\" target=\"_blank\" rel=\"nofollow noopener\">Discgolfi festivali suur\u00fcllatajal Roland K\u00f5uril j\u00e4i g\u00fcmnaasiumi l\u00f5puaktusele minemata. \u201eOtsus siia tulla oli suht no-brainer\u201c<\/a>&nbsp;&nbsp;Delfi Sport<\/li>\n<li><a href=\"https:\/\/news.google.com\/rss\/articles\/CBMizAFBVV95cUxNNng2cUhmSWpIYThsME1oODQ5YXBKWDFPdUVEdmhPQUtLZXlZbmR3OU9sMHhLelhRbmNxTnk4NlRnVXNKN01ITVZHbUFoX245U0FxY01MamJLM1J0WG54aDdvVHJTVHk0Nm5oLUp0Z0NtdXk0em9VTXBXbm5WOGg3VVAwc3dHU0RQQmtGeXZiWllIOXA3R2tza1dyd2V1UXl4b3UzUVJhTV9kTmpXVVphaFdmenRVUFhFS0U1ZkVIaGxzLVp3VXRvTEZERVU?oc=5\" target=\"_blank\" rel=\"nofollow noopener\">Kettagolfi-festivali rajameister Ralf Rogov: v\u00f5tsime kriitikat kuulda ja tegime k\u00f5ik keerulisemaks!<\/a>&nbsp;&nbsp;Postimees Sport<\/li>\n<\/ol>\n","protected":false},"excerpt":{"rendered":"T\u00c4ISPIKKUSES | Vaata uuesti meeste Euroopa Discgolfi Festivali finaali&nbsp;&nbsp;Delfi Sport GALERII | USA-s karastunud Villmann tegigi p\u00f6\u00f6rase tagasituleku&hellip;\n","protected":false},"author":2,"featured_media":210190,"comment_status":"","ping_status":"","sticky":false,"template":"","format":"standard","meta":{"footnotes":"","_share_on_mastodon":"0"},"categories":[5],"tags":[26,27,1264,37,33,35,34,36,77197,31,32,21,28,29,19,25,23,24,22,20,30],"class_list":["post-210189","post","type-post","status-publish","format-standard","has-post-thumbnail","category-uldised-uudised","tag-breaking-news","tag-breakingnews","tag-discgolf","tag-ee","tag-eesti","tag-eesti-keel","tag-estonia","tag-estonian","tag-euroopa-discgolfi-festival","tag-featured-news","tag-featurednews","tag-headlines","tag-latest-news","tag-latestnews","tag-news","tag-populaarseimad-lood","tag-top-stories","tag-topstories","tag-uldised-uudised","tag-uudised","tag-viimased-uudised"],"share_on_mastodon":{"url":"https:\/\/pubeurope.com\/@ee\/116790036140539219","error":""},"_links":{"self":[{"href":"https:\/\/www.europesays.com\/ee\/wp-json\/wp\/v2\/posts\/210189","targetHints":{"allow":["GET"]}}],"collection":[{"href":"https:\/\/www.europesays.com\/ee\/wp-json\/wp\/v2\/posts"}],"about":[{"href":"https:\/\/www.europesays.com\/ee\/wp-json\/wp\/v2\/types\/post"}],"author":[{"embeddable":true,"href":"https:\/\/www.europesays.com\/ee\/wp-json\/wp\/v2\/users\/2"}],"replies":[{"embeddable":true,"href":"https:\/\/www.europesays.com\/ee\/wp-json\/wp\/v2\/comments?post=210189"}],"version-history":[{"count":0,"href":"https:\/\/www.europesays.com\/ee\/wp-json\/wp\/v2\/posts\/210189\/revisions"}],"wp:featuredmedia":[{"embeddable":true,"href":"https:\/\/www.europesays.com\/ee\/wp-json\/wp\/v2\/media\/210190"}],"wp:attachment":[{"href":"https:\/\/www.europesays.com\/ee\/wp-json\/wp\/v2\/media?parent=210189"}],"wp:term":[{"taxonomy":"category","embeddable":true,"href":"https:\/\/www.europesays.com\/ee\/wp-json\/wp\/v2\/categories?post=210189"},{"taxonomy":"post_tag","embeddable":true,"href":"https:\/\/www.europesays.com\/ee\/wp-json\/wp\/v2\/tags?post=210189"}],"curies":[{"name":"wp","href":"https:\/\/api.w.org\/{rel}","templated":true}]}}