{"id":210199,"date":"2026-06-21T20:51:25","date_gmt":"2026-06-21T20:51:25","guid":{"rendered":"https:\/\/www.europesays.com\/ee\/210199\/"},"modified":"2026-06-21T20:51:25","modified_gmt":"2026-06-21T20:51:25","slug":"soome-kohus-moistis-eesti-kodanikele-suudimoistvad-otsused-mahukas-narkoruhmituse-asjas","status":"publish","type":"post","link":"https:\/\/www.europesays.com\/ee\/210199\/","title":{"rendered":"Soome kohus m\u00f5istis Eesti kodanikele s\u00fc\u00fcdim\u00f5istvad otsused mahukas narkor\u00fchmituse asjas"},"content":{"rendered":"<p>Ida-Uusimaa maakohus m\u00f5istis mahukas narkoasjas k\u00fcmnetele inimestele, sealhulgas Eesti kodanikele, vanglakaristused. See sai teatavaks p\u00fchap\u00e4eval meediakajastustest, kirjutab BNS viidates STT-le.<\/p>\n<p data-path-to-node=\"2\">Juhtumi keskmes oli rahvusvaheline kuritegelik organisatsioon, mis toimetas Soome \u00fcle 600 kilogrammi narkootikume ja tegeles nende levitamisega. Ligi 200 kilogrammi sellest kogusest moodustas s\u00fcnteetiline narkootikum alfa-PVP, mida toodi riiki eri v\u00e4rvides. Lisaks tarniti Soome amfetamiini, kokaiini ja kanepit.<\/p>\n<p data-path-to-node=\"3\">Narkootikumide koguv\u00e4\u00e4rtus mustal turul \u00fcletas 40 miljonit eurot. Kuriteod pandi toime ajavahemikus 2023\u20132025 Uusimaa ja Pirkanmaa maakondades. Narkootikume hoiustati muu hulgas Espoos Puistokatu t\u00e4naval asuvates korterites. Kohtu andmetel levitati narkootikume edasi peidikute kaudu.<\/p>\n<p data-path-to-node=\"4\">Narkootikumide salakaubaveoga tegelenud r\u00fchmitus koosnes valdavalt Eesti kodanikest. Kohus tegi kindlaks, et kuigi tegemist ei olnud \u00fchtse organisatsiooniga, olid m\u00f5nede s\u00fc\u00fcdistuspunktide osas organiseerituse kriteeriumid t\u00e4idetud. Kohtu hinnangul pani osa s\u00fc\u00fcdim\u00f5istetutest kuriteod toime organiseeritud kuritegeliku r\u00fchmituse tegevuse raames.<\/p>\n<p data-path-to-node=\"5\">S\u00fc\u00fcdistatavad eitasid enamikku neile esitatud s\u00fc\u00fcdistustest. Jaanuaris loovutas Hispaania Euroopa vahistamism\u00e4\u00e4ruse alusel Soomele 39-aastase mehe, keda peetakse kuritegeliku skeemi \u00fcheks peamiseks organiseerijaks. Ta juhtis tegevust ja v\u00e4rbas inimesi, et transportida narkootikume autoga Eestist Soome, kasutades selleks muu hulgas Viking Line\u2019i laevu. Teine juhtumi v\u00f5tmeisik oli 41-asane mees, kelle rolli narkootikumide maaletoomisel ja levitamisel pidas kohus keskseks. Kohtu hinnangul on selle juhtumiga t\u00f5en\u00e4oliselt seotud ka v\u00e4ljaspool Soomet tegutsevad isikud, kes ei olnud antud protsessis s\u00fc\u00fcdistatavad.<\/p>\n<p data-path-to-node=\"6\">Juhtumis esines ka v\u00e4givallaepisoode. \u00dcks s\u00fc\u00fcdim\u00f5istetutest tunnistas, et sama asja teine osaline peksis teda narkov\u00f5lgade t\u00f5ttu heebli ja haamriga, ning kolmas filmis r\u00fcnnakut. Eeluurimise k\u00e4igus osutas abi L\u00e4ti politsei, edastades eelk\u00f5ige asukohaandmeid ja j\u00e4lgimisaruandeid. Uurimisel kasutati ka DNA-proove ja sideandmete seiret. Lisaks konfiskeeriti Puistokatu korteritest m\u00e4rkmeraamatud narkootikumide nimetuste, kuup\u00e4evade ja hindadega.<\/p>\n<p data-path-to-node=\"7\">Kohtuotsused langetati peamiselt rasketes narkokuritegudes, samuti raske kehavigastuse tekitamises ja rahapesus. Osa s\u00fc\u00fcdistustest l\u00fckkas kohus tagasi.<\/p>\n<p data-path-to-node=\"8\">Juhtumi peamised osalised, 39-aastane Janis Jakupcevic ja 41-aastane Anatoli Mihhailov, m\u00f5isteti maksimaalseks karistuseks \u2014 13 aastaks vangi. Egon Grossthal (36), Riho Ootsing (63) ja Margo Villemson (55) said iga\u00fcks 12 aastat vangistust. Artur Lember (31) ja Daniel Tarve (35) m\u00f5isteti 11 aastaks vangi. Lisaks said veel 22 inimest v\u00e4hemalt kaheaastase vangistuse. S\u00fc\u00fcdim\u00f5istetute seas oli ka Soome ja L\u00e4ti kodanikke. Kokku m\u00f5istis maakohus selles asjas s\u00fc\u00fcdi 27 inimest, sealhulgas naisi.<\/p>\n","protected":false},"excerpt":{"rendered":"Ida-Uusimaa maakohus m\u00f5istis mahukas narkoasjas k\u00fcmnetele inimestele, sealhulgas Eesti kodanikele, vanglakaristused. See sai teatavaks p\u00fchap\u00e4eval meediakajastustest, kirjutab BNS&hellip;\n","protected":false},"author":2,"featured_media":210200,"comment_status":"","ping_status":"","sticky":false,"template":"","format":"standard","meta":{"footnotes":"","_share_on_mastodon":"0"},"categories":[5],"tags":[26,27,37,33,35,85740,34,36,31,32,21,5774,28,29,19,25,12223,85741,23,24,22,20,30],"class_list":["post-210199","post","type-post","status-publish","format-standard","has-post-thumbnail","category-uldised-uudised","tag-breaking-news","tag-breakingnews","tag-ee","tag-eesti","tag-eesti-keel","tag-eesti-kodanikele","tag-estonia","tag-estonian","tag-featured-news","tag-featurednews","tag-headlines","tag-kohtuotsus","tag-latest-news","tag-latestnews","tag-news","tag-populaarseimad-lood","tag-soome-kohus","tag-suudistatavad","tag-top-stories","tag-topstories","tag-uldised-uudised","tag-uudised","tag-viimased-uudised"],"share_on_mastodon":{"url":"https:\/\/pubeurope.com\/@ee\/116790079238882066","error":""},"_links":{"self":[{"href":"https:\/\/www.europesays.com\/ee\/wp-json\/wp\/v2\/posts\/210199","targetHints":{"allow":["GET"]}}],"collection":[{"href":"https:\/\/www.europesays.com\/ee\/wp-json\/wp\/v2\/posts"}],"about":[{"href":"https:\/\/www.europesays.com\/ee\/wp-json\/wp\/v2\/types\/post"}],"author":[{"embeddable":true,"href":"https:\/\/www.europesays.com\/ee\/wp-json\/wp\/v2\/users\/2"}],"replies":[{"embeddable":true,"href":"https:\/\/www.europesays.com\/ee\/wp-json\/wp\/v2\/comments?post=210199"}],"version-history":[{"count":0,"href":"https:\/\/www.europesays.com\/ee\/wp-json\/wp\/v2\/posts\/210199\/revisions"}],"wp:featuredmedia":[{"embeddable":true,"href":"https:\/\/www.europesays.com\/ee\/wp-json\/wp\/v2\/media\/210200"}],"wp:attachment":[{"href":"https:\/\/www.europesays.com\/ee\/wp-json\/wp\/v2\/media?parent=210199"}],"wp:term":[{"taxonomy":"category","embeddable":true,"href":"https:\/\/www.europesays.com\/ee\/wp-json\/wp\/v2\/categories?post=210199"},{"taxonomy":"post_tag","embeddable":true,"href":"https:\/\/www.europesays.com\/ee\/wp-json\/wp\/v2\/tags?post=210199"}],"curies":[{"name":"wp","href":"https:\/\/api.w.org\/{rel}","templated":true}]}}