{"id":210227,"date":"2026-06-21T21:43:18","date_gmt":"2026-06-21T21:43:18","guid":{"rendered":"https:\/\/www.europesays.com\/ee\/210227\/"},"modified":"2026-06-21T21:43:18","modified_gmt":"2026-06-21T21:43:18","slug":"mart-kase-lihtsuse-vajadusest-edasi","status":"publish","type":"post","link":"https:\/\/www.europesays.com\/ee\/210227\/","title":{"rendered":"Mart Kase: lihtsuse vajadusest \u2013 Edasi"},"content":{"rendered":"<p>\t\t\t<img fetchpriority=\"high\" width=\"1024\" height=\"768\" src=\"https:\/\/www.europesays.com\/ee\/wp-content\/uploads\/2026\/06\/IMG_8702-1024x768.webp\" class=\"attachment-hive-single-image size-hive-single-image wp-post-image\" alt=\"\" decoding=\"async\"   data-attachment-id=\"277307\" data-permalink=\"https:\/\/edasi.org\/277303\/mart-kase-lihtsuse-vajadusest\/img_8702\/\" data-orig-file=\"https:\/\/edasi.org\/wp-content\/uploads\/2026\/06\/IMG_8702-scaled.webp\" data-orig-size=\"2048,1536\" data-comments-opened=\"0\" data-image-title=\"IMG_8702\" data-image-description=\"\" data-image-caption=\"&lt;p&gt;Foro: Teele Kase&lt;\/p&gt;&#10;\" data-large-file=\"https:\/\/www.europesays.com\/ee\/wp-content\/uploads\/2026\/06\/IMG_8702-1024x768.webp\"\/>\t\t\tForo: Teele Kase\t\t<\/p>\n<p class=\"intro\" dir=\"ltr\">K\u00fcsimus pole metsas korjatud seentes v\u00f5i j\u00e4rvest p\u00fc\u00fctud kaladest, k\u00fcsimus on, kuidas peatada nutitelefon ja pidev kohal olemine. See on k\u00f5igile inimestele vajalik.<\/p>\n<p dir=\"ltr\">On 21. juuni, varajane kartul on \u00e4\u00e4rmiselt ilus sel aastal, hakkab juba \u00f5itsema. Mugulaid on all palju, aga need on veel v\u00e4ikesed. Las kasvavad veel, pole vaja k\u00f5igega kogu aeg kiirustada. Rahu, m\u00f5tetesse rahu ja selgust! See on see, mis viib edasi, aga seda on t\u00e4nap\u00e4eval n\u00f5nda raske saavutada. K\u00f5ik keerleb \u00fcmber kiiruse, info ning \u00e4rapanemise. Head suhted ja inimlik l\u00e4henemine elule on k\u00f5ige olulisem.<\/p>\n","protected":false},"excerpt":{"rendered":"Foro: Teele Kase K\u00fcsimus pole metsas korjatud seentes v\u00f5i j\u00e4rvest p\u00fc\u00fctud kaladest, k\u00fcsimus on, kuidas peatada nutitelefon ja&hellip;\n","protected":false},"author":2,"featured_media":210228,"comment_status":"","ping_status":"","sticky":false,"template":"","format":"standard","meta":{"footnotes":"","_share_on_mastodon":"0"},"categories":[14],"tags":[131,130,424,37,33,35,34,36,8035,426,12605,2914,2928,308],"class_list":["post-210227","post","type-post","status-publish","format-standard","has-post-thumbnail","category-ari","tag-ari","tag-business","tag-edasi","tag-ee","tag-eesti","tag-eesti-keel","tag-estonia","tag-estonian","tag-kiri","tag-maaelu","tag-mart-kase","tag-positiivne","tag-suhted","tag-tervis"],"share_on_mastodon":{"url":"https:\/\/pubeurope.com\/@ee\/116790284016257041","error":""},"_links":{"self":[{"href":"https:\/\/www.europesays.com\/ee\/wp-json\/wp\/v2\/posts\/210227","targetHints":{"allow":["GET"]}}],"collection":[{"href":"https:\/\/www.europesays.com\/ee\/wp-json\/wp\/v2\/posts"}],"about":[{"href":"https:\/\/www.europesays.com\/ee\/wp-json\/wp\/v2\/types\/post"}],"author":[{"embeddable":true,"href":"https:\/\/www.europesays.com\/ee\/wp-json\/wp\/v2\/users\/2"}],"replies":[{"embeddable":true,"href":"https:\/\/www.europesays.com\/ee\/wp-json\/wp\/v2\/comments?post=210227"}],"version-history":[{"count":0,"href":"https:\/\/www.europesays.com\/ee\/wp-json\/wp\/v2\/posts\/210227\/revisions"}],"wp:featuredmedia":[{"embeddable":true,"href":"https:\/\/www.europesays.com\/ee\/wp-json\/wp\/v2\/media\/210228"}],"wp:attachment":[{"href":"https:\/\/www.europesays.com\/ee\/wp-json\/wp\/v2\/media?parent=210227"}],"wp:term":[{"taxonomy":"category","embeddable":true,"href":"https:\/\/www.europesays.com\/ee\/wp-json\/wp\/v2\/categories?post=210227"},{"taxonomy":"post_tag","embeddable":true,"href":"https:\/\/www.europesays.com\/ee\/wp-json\/wp\/v2\/tags?post=210227"}],"curies":[{"name":"wp","href":"https:\/\/api.w.org\/{rel}","templated":true}]}}