{"id":210321,"date":"2026-06-22T04:27:07","date_gmt":"2026-06-22T04:27:07","guid":{"rendered":"https:\/\/www.europesays.com\/ee\/210321\/"},"modified":"2026-06-22T04:27:07","modified_gmt":"2026-06-22T04:27:07","slug":"kui-tervisemure-tekib-valel-ajal-kuidas-saada-ravimialast-nou-ka-puhade-ajal","status":"publish","type":"post","link":"https:\/\/www.europesays.com\/ee\/210321\/","title":{"rendered":"Kui tervisemure tekib valel ajal: kuidas saada ravimialast n\u00f5u ka p\u00fchade ajal"},"content":{"rendered":"<p class=\"Paragraph SCXW16108119 BCX0\">Selleks on olemas S\u00fcdameapteegi N\u00f5uandeliin \u2013 v\u00f5imalus saada kiiret ravimialast n\u00f5u proviisorilt v\u00f5i farmatseudilt, s\u00f5ltumata asukohast Eestis v\u00f5i v\u00e4lismaal. <\/p>\n<p class=\"Paragraph SCXW16108119 BCX0\">Lisaks ravimialastele k\u00fcsimustele saab N\u00f5uandeliini kaudu kontrollida ka retseptide infot. Telefoni teel v\u00f5i veebivestluses on v\u00f5imalik end digitaalselt tuvastada Mobiil-ID v\u00f5i Smart-ID abil ning saada \u00fclevaade oma retseptidest ilma apteeki minemata. <\/p>\n<p class=\"Paragraph SCXW16108119 BCX0\">N\u00f5u saab k\u00fcsida eesti, vene ja inglise keeles. <\/p>\n<p class=\"Paragraph SCXW16108119 BCX0\">S\u00fcdameapteegi N\u00f5uandeliin on avatud iga p\u00e4ev kell 8.00\u201322.00, ka p\u00fchade ajal.<\/p>\n<p class=\"Paragraph SCXW16108119 BCX0\">Helistada saab numbril +372 605 7171 v\u00f5i suhelda apteekriga veebivestluses aadressil <a rel=\"noopener nofollow\" target=\"_blank\" href=\"http:\/\/www.sudameapteek.ee\" data-rel-date-range=\"[]\">www.sudameapteek.ee<\/a>, kus vastab alati S\u00fcdameapteegi proviisor v\u00f5i farmatseut. <\/p>\n<p class=\"Paragraph SCXW16108119 BCX0\">S\u00fcdameapteegi N\u00f5uandeliin keskendub ravimite kasutamise ja koostoimete selgitamisele ning aitab luua kindlust olukordades, kus infot on palju, aga selgust v\u00e4he. <\/p>\n","protected":false},"excerpt":{"rendered":"Selleks on olemas S\u00fcdameapteegi N\u00f5uandeliin \u2013 v\u00f5imalus saada kiiret ravimialast n\u00f5u proviisorilt v\u00f5i farmatseudilt, s\u00f5ltumata asukohast Eestis v\u00f5i&hellip;\n","protected":false},"author":2,"featured_media":210322,"comment_status":"","ping_status":"","sticky":false,"template":"","format":"standard","meta":{"footnotes":"","_share_on_mastodon":"0"},"categories":[14],"tags":[74312,375,3312,131,378,2881,679,74313,130,2206,37,33,35,635,2717,34,36,25590,49066,1602,57441,45893,74311,74310,6007,11018,14307,11393,46207,373,28124,3155,387,74314,1999,5282,19593],"class_list":["post-210321","post","type-post","status-publish","format-standard","has-post-thumbnail","category-ari","tag-adblue","tag-ai","tag-apple","tag-ari","tag-auto","tag-autojuht","tag-autoleht","tag-autotund","tag-business","tag-chatgpt","tag-ee","tag-eesti","tag-eesti-keel","tag-elektriauto","tag-elisa","tag-estonia","tag-estonian","tag-hubriidauto","tag-jaarada","tag-liiklus","tag-operatsioonisusteem","tag-pistikhubriid","tag-rehv","tag-rehvitakso","tag-samsung","tag-smart-id","tag-soiduk","tag-starlink","tag-sulearvuti","tag-tehisintellekt","tag-tehnoulevaatus","tag-tele2","tag-telefon","tag-telefoninumbri-otsing","tag-telia","tag-valguskaabel","tag-xiaomi"],"share_on_mastodon":{"url":"https:\/\/pubeurope.com\/@ee\/116791872727170463","error":""},"_links":{"self":[{"href":"https:\/\/www.europesays.com\/ee\/wp-json\/wp\/v2\/posts\/210321","targetHints":{"allow":["GET"]}}],"collection":[{"href":"https:\/\/www.europesays.com\/ee\/wp-json\/wp\/v2\/posts"}],"about":[{"href":"https:\/\/www.europesays.com\/ee\/wp-json\/wp\/v2\/types\/post"}],"author":[{"embeddable":true,"href":"https:\/\/www.europesays.com\/ee\/wp-json\/wp\/v2\/users\/2"}],"replies":[{"embeddable":true,"href":"https:\/\/www.europesays.com\/ee\/wp-json\/wp\/v2\/comments?post=210321"}],"version-history":[{"count":0,"href":"https:\/\/www.europesays.com\/ee\/wp-json\/wp\/v2\/posts\/210321\/revisions"}],"wp:featuredmedia":[{"embeddable":true,"href":"https:\/\/www.europesays.com\/ee\/wp-json\/wp\/v2\/media\/210322"}],"wp:attachment":[{"href":"https:\/\/www.europesays.com\/ee\/wp-json\/wp\/v2\/media?parent=210321"}],"wp:term":[{"taxonomy":"category","embeddable":true,"href":"https:\/\/www.europesays.com\/ee\/wp-json\/wp\/v2\/categories?post=210321"},{"taxonomy":"post_tag","embeddable":true,"href":"https:\/\/www.europesays.com\/ee\/wp-json\/wp\/v2\/tags?post=210321"}],"curies":[{"name":"wp","href":"https:\/\/api.w.org\/{rel}","templated":true}]}}