{"id":210382,"date":"2026-06-22T05:59:12","date_gmt":"2026-06-22T05:59:12","guid":{"rendered":"https:\/\/www.europesays.com\/ee\/210382\/"},"modified":"2026-06-22T05:59:12","modified_gmt":"2026-06-22T05:59:12","slug":"hoiatus-%e2%9f%a9-prisma-kutsub-tagasi-eesti-piimatootja-kodujuustud","status":"publish","type":"post","link":"https:\/\/www.europesays.com\/ee\/210382\/","title":{"rendered":"HOIATUS \u27e9 Prisma kutsub tagasi Eesti piimatootja kodujuustud"},"content":{"rendered":"<p>Tooted kutsutakse tagasi, kuna need ei vasta kvaliteedin\u00f5uetele. Ettev\u00f5te palub tarbijatel nimetatud tooteid mitte tarvitada ning tagastada need l\u00e4himasse Prisma infoletti. Toodete tagastamisel ei pea ostut\u0161ekki esitama. Tagastatud toodete eest h\u00fcvitatakse ostusumma t\u00e4ies ulatuses.<\/p>\n<p>Ettev\u00f5te vabandab klientide ees v\u00f5imalike ebamugavuste p\u00e4rast ning t\u00e4nab m\u00f5istva suhtumise eest.<\/p>\n<p>Tagasikutsumine puudutab j\u00e4rgmisi tooteid:<\/p>\n<p>Piimameister Otto kodujuust laktoosivaba 220g<\/p>\n<ul>\n<li data-list-item-id=\"eaebc768b595410037599301b09c865cc\">EAN: 4740572004971<\/li>\n<li data-list-item-id=\"e4d228c44aa4cb2450f474e07dcb93c86\">k\u00f5lblik kuni 20.06.2026<\/li>\n<\/ul>\n<p>Piimameister Otto kodujuust klassikaline 330g<\/p>\n<ul>\n<li data-list-item-id=\"ef43171425cfc4edf76bac17c2b8eeebf\">EAN: 4740572005190<\/li>\n<li data-list-item-id=\"e682429a8e9d4a3602a98c299624cf8cf\">k\u00f5lblik kuni 20.06.2026<\/li>\n<\/ul>\n<p>Piimameiste Otto kodujuust klassikaline 440 g<\/p>\n<ul>\n<li data-list-item-id=\"e468c0f51c0339d3972492114c4b93d90\">EAN: 4740572004353<\/li>\n<li data-list-item-id=\"e600db6b9b24cfb33835b6f7a05eebd53\">k\u00f5lblik kuni 20.06.2026<\/li>\n<\/ul>\n<p>Piimameister Otto kodujuust traditsiooniline 380g<\/p>\n<ul>\n<li data-list-item-id=\"e52aacfa5555cacf78995ccda38939d88\">EAN: 4740572006869<\/li>\n<li data-list-item-id=\"ef8f228dcfc7ebfaee464e63994cd0293\">k\u00f5lblik kuni 20.06.2026<\/li>\n<\/ul>\n","protected":false},"excerpt":{"rendered":"Tooted kutsutakse tagasi, kuna need ei vasta kvaliteedin\u00f5uetele. Ettev\u00f5te palub tarbijatel nimetatud tooteid mitte tarvitada ning tagastada need&hellip;\n","protected":false},"author":2,"featured_media":210383,"comment_status":"","ping_status":"","sticky":false,"template":"","format":"standard","meta":{"footnotes":"","_share_on_mastodon":"0"},"categories":[12],"tags":[26,27,37,33,35,34,36,31,32,21,28,29,19,25,21000,78589,23,24,22,20,30],"class_list":["post-210382","post","type-post","status-publish","format-standard","has-post-thumbnail","category-eesti","tag-breaking-news","tag-breakingnews","tag-ee","tag-eesti","tag-eesti-keel","tag-estonia","tag-estonian","tag-featured-news","tag-featurednews","tag-headlines","tag-latest-news","tag-latestnews","tag-news","tag-populaarseimad-lood","tag-prisma","tag-toodete-tagasikutsumine","tag-top-stories","tag-topstories","tag-uldised-uudised","tag-uudised","tag-viimased-uudised"],"share_on_mastodon":{"url":"https:\/\/pubeurope.com\/@ee\/116792234088140554","error":""},"_links":{"self":[{"href":"https:\/\/www.europesays.com\/ee\/wp-json\/wp\/v2\/posts\/210382","targetHints":{"allow":["GET"]}}],"collection":[{"href":"https:\/\/www.europesays.com\/ee\/wp-json\/wp\/v2\/posts"}],"about":[{"href":"https:\/\/www.europesays.com\/ee\/wp-json\/wp\/v2\/types\/post"}],"author":[{"embeddable":true,"href":"https:\/\/www.europesays.com\/ee\/wp-json\/wp\/v2\/users\/2"}],"replies":[{"embeddable":true,"href":"https:\/\/www.europesays.com\/ee\/wp-json\/wp\/v2\/comments?post=210382"}],"version-history":[{"count":0,"href":"https:\/\/www.europesays.com\/ee\/wp-json\/wp\/v2\/posts\/210382\/revisions"}],"wp:featuredmedia":[{"embeddable":true,"href":"https:\/\/www.europesays.com\/ee\/wp-json\/wp\/v2\/media\/210383"}],"wp:attachment":[{"href":"https:\/\/www.europesays.com\/ee\/wp-json\/wp\/v2\/media?parent=210382"}],"wp:term":[{"taxonomy":"category","embeddable":true,"href":"https:\/\/www.europesays.com\/ee\/wp-json\/wp\/v2\/categories?post=210382"},{"taxonomy":"post_tag","embeddable":true,"href":"https:\/\/www.europesays.com\/ee\/wp-json\/wp\/v2\/tags?post=210382"}],"curies":[{"name":"wp","href":"https:\/\/api.w.org\/{rel}","templated":true}]}}