{"id":210420,"date":"2026-06-22T06:44:25","date_gmt":"2026-06-22T06:44:25","guid":{"rendered":"https:\/\/www.europesays.com\/ee\/210420\/"},"modified":"2026-06-22T06:44:25","modified_gmt":"2026-06-22T06:44:25","slug":"trafficu-solistist-silver-laasist-sai-kahekordse-maailmameistri-abiline-laheksin-hea-meelega-kohe-uuesti","status":"publish","type":"post","link":"https:\/\/www.europesays.com\/ee\/210420\/","title":{"rendered":"Trafficu solistist Silver Laasist sai kahekordse maailmameistri abiline. \u201eL\u00e4heksin hea meelega kohe uuesti!\u201c"},"content":{"rendered":"<p>Kuidas Silver Laasil selline v\u00f5imalus tekkis? Traffic andis p\u00e4rast discgolfifestivali teist v\u00f5istlusp\u00e4eva, reedel lauluv\u00e4ljakule tulnud publikule kontserdi. Hiljem sattusid kaks meest omavahel juttu puhuma ning naljahoos visati idee \u00f5hku. Edasi oli idee elluviimine vaid vormistamise k\u00fcsimus ning koost\u00f6\u00f6s Eesti poolsete v\u00f5istluse korraldajatega sai see reaalsuseks<\/p>\n<p>\u201eK\u00e4isin siin eelmisel aastal v\u00f5istlust vaatamas ja tulin ka sel aastal vaatama. Ja kuna ma \u00fcleeile ka esinesin siin, j\u00e4ime p\u00e4rast kontserti Rickyga natuke juttu r\u00e4\u00e4kima. Viskasime nalja \u00f5hku, et v\u00f5iks olla. Ricky oli kohe, et teeme \u00e4ra! Mul oli t\u00e4na vaba p\u00e4ev, nii et oli v\u00e4ga sobiv tulla,\u201c selgitas Laas Delfi ja Postimehe ajakirjanikele.<\/p>\n<p>Oled juba tellija?Logi sisse<\/p>\n<p><a href=\"https:\/\/sport.delfi.ee\/artikkel\/120592463\/trafficu-solistist-silver-laasist-sai-kahekordse-maailmameistri-caddie-laheksin-hea-meelega-kohe-uuesti\/kommentaarid\" class=\"article-body-bottom__comment article-body-bottom__comment--write button button--primary button--size-auto\" rel=\"nofollow noopener\" target=\"_blank\"> Kommenteeri <\/a><a href=\"https:\/\/sport.delfi.ee\/artikkel\/120592463\/trafficu-solistist-silver-laasist-sai-kahekordse-maailmameistri-caddie-laheksin-hea-meelega-kohe-uuesti\/kommentaarid\" class=\"article-body-bottom__comment article-body-bottom__comment--read button button--size-auto\" rel=\"nofollow noopener\" target=\"_blank\"> Loe kommentaare (2)<\/a><\/p>\n","protected":false},"excerpt":{"rendered":"Kuidas Silver Laasil selline v\u00f5imalus tekkis? Traffic andis p\u00e4rast discgolfifestivali teist v\u00f5istlusp\u00e4eva, reedel lauluv\u00e4ljakule tulnud publikule kontserdi. Hiljem&hellip;\n","protected":false},"author":2,"featured_media":210421,"comment_status":"","ping_status":"","sticky":false,"template":"","format":"standard","meta":{"footnotes":"","_share_on_mastodon":"0"},"categories":[80],"tags":[26,27,1264,37,33,35,34,36,77197,31,32,65591,21,28,29,95,19,25,65588,4759,23,24,4758,22,20,30,92,93,94],"class_list":["post-210420","post","type-post","status-publish","format-standard","has-post-thumbnail","category-maailm","tag-breaking-news","tag-breakingnews","tag-discgolf","tag-ee","tag-eesti","tag-eesti-keel","tag-estonia","tag-estonian","tag-euroopa-discgolfi-festival","tag-featured-news","tag-featurednews","tag-gannon-buhr","tag-headlines","tag-latest-news","tag-latestnews","tag-maailm","tag-news","tag-populaarseimad-lood","tag-ricky-wysocki","tag-silver-laas","tag-top-stories","tag-topstories","tag-traffic","tag-uldised-uudised","tag-uudised","tag-viimased-uudised","tag-world","tag-world-news","tag-worldnews"],"share_on_mastodon":{"url":"https:\/\/pubeurope.com\/@ee\/116792410961163374","error":""},"_links":{"self":[{"href":"https:\/\/www.europesays.com\/ee\/wp-json\/wp\/v2\/posts\/210420","targetHints":{"allow":["GET"]}}],"collection":[{"href":"https:\/\/www.europesays.com\/ee\/wp-json\/wp\/v2\/posts"}],"about":[{"href":"https:\/\/www.europesays.com\/ee\/wp-json\/wp\/v2\/types\/post"}],"author":[{"embeddable":true,"href":"https:\/\/www.europesays.com\/ee\/wp-json\/wp\/v2\/users\/2"}],"replies":[{"embeddable":true,"href":"https:\/\/www.europesays.com\/ee\/wp-json\/wp\/v2\/comments?post=210420"}],"version-history":[{"count":0,"href":"https:\/\/www.europesays.com\/ee\/wp-json\/wp\/v2\/posts\/210420\/revisions"}],"wp:featuredmedia":[{"embeddable":true,"href":"https:\/\/www.europesays.com\/ee\/wp-json\/wp\/v2\/media\/210421"}],"wp:attachment":[{"href":"https:\/\/www.europesays.com\/ee\/wp-json\/wp\/v2\/media?parent=210420"}],"wp:term":[{"taxonomy":"category","embeddable":true,"href":"https:\/\/www.europesays.com\/ee\/wp-json\/wp\/v2\/categories?post=210420"},{"taxonomy":"post_tag","embeddable":true,"href":"https:\/\/www.europesays.com\/ee\/wp-json\/wp\/v2\/tags?post=210420"}],"curies":[{"name":"wp","href":"https:\/\/api.w.org\/{rel}","templated":true}]}}