{"id":210472,"date":"2026-06-22T07:42:06","date_gmt":"2026-06-22T07:42:06","guid":{"rendered":"https:\/\/www.europesays.com\/ee\/210472\/"},"modified":"2026-06-22T07:42:06","modified_gmt":"2026-06-22T07:42:06","slug":"paide-linnanaiskond-tousis-enne-suvepuhkust-liiga-liidriks-jarva-teataja","status":"publish","type":"post","link":"https:\/\/www.europesays.com\/ee\/210472\/","title":{"rendered":"Paide linnanaiskond t\u00f5usis enne suvepuhkust liiga liidriks &#8211; J\u00e4rva Teataja"},"content":{"rendered":"<ol>\n<li><a href=\"https:\/\/news.google.com\/rss\/articles\/CBMiogFBVV95cUxOWkRrUlV1eEl1ZjNwblgxdTFySlBiYUF5T0g0dHNtODFqT25WQTVDSTdzR1NsUjgxa3FuU1V2aWNPV1h1SktZN1RKWXhTN0RnSFBPWE9DMnRwdnlGTU9kSDVOc19SWVlYeFRQSG0taDg4WDk4SzNFRlBBdG1IcTYwRXdXNDFSdVF5RGNkYXdCc3ZGb2JpU2JoSG5nSldyakhfOVE?oc=5\" target=\"_blank\" rel=\"nofollow noopener\">Paide linnanaiskond t\u00f5usis enne suvepuhkust liiga liidriks<\/a>&nbsp;&nbsp;J\u00e4rva Teataja<\/li>\n<li><a href=\"https:\/\/news.google.com\/rss\/articles\/CBMikgFBVV95cUxQTDNFaG5mUS1Iek9fYXpOeENXU201Q3dlN0I5aGdTY1BkUWMxTmNzdUtPS0c3REJiZ2RvUVFkYXpIYXFHT3o3UHZRNWdFaHpIbkhrQTBIZkQxWWhWNG9VZUZQX3kzQmgyT1RFbnF6SWhhQlcyY3FoRHA2dXNmMHRmQXptbnB4TEY5MXk5dGJQLURFZw?oc=5\" target=\"_blank\" rel=\"nofollow noopener\">Viimsi alistas Flora, Linnanaiskond t\u00f5usis tabeliliidriks<\/a>&nbsp;&nbsp;sport | ERR<\/li>\n<li><a href=\"https:\/\/news.google.com\/rss\/articles\/CBMioAFBVV95cUxPVms2MHpwS1RrdDI0c2o1Vlg1MmZTVV9JTzFzYXZsQTVuYkk3dFdGRHdIdlpIZnZWdFRObElJSlRHVEF2eDZveTZzUTFfUkM1Rm1sMVBqUU9HdFFQQUhDaElYMDdiVlVWc2NlZWw0TXY1M0FBd1BYVUF6VGhKZUd3X20wb21EZk9saDZQYnJJMjh5WmNCYngyaTkxNGlmcUpw?oc=5\" target=\"_blank\" rel=\"nofollow noopener\">VAATA J\u00c4RELE: Paide sai Elvast kolmandat korda jagu ja kerkis liidriks<\/a>&nbsp;&nbsp;Soccernet.ee<\/li>\n<li><a href=\"https:\/\/news.google.com\/rss\/articles\/CBMiP0FVX3lxTE1Hak9sRkcwOV9IeHdjanQ1WUJMMEhoaFZNQmE2SVJKZTV6bzNHOWZsaUhXQWw3Uy01cWhybTgxMA?oc=5\" target=\"_blank\" rel=\"nofollow noopener\">Viimsi alistas tiitlikaitsja Flora ja kerkis tabeli tippu<\/a>&nbsp;&nbsp;Uudis.net<\/li>\n<li><a href=\"https:\/\/news.google.com\/rss\/articles\/CBMipwFBVV95cUxOZzVza1I2NFJBa1dSNFhGNncxbEYzcTdodjQ4X2wyZEN0R2h0TG9oOFNFRzZMUUN2UnE4WjFjWHRRNURrakwwUGRVa1VKWXdHSWIwb1ZQS1JzSHp5RU1pQWhHSkdjY0ZPNXIxUEE1RW1rYVZLRDNaOFZSYnlNTUFBRG1uVEVVQmVWLUpOZnNVbTdUUHN1TFFKMXBhOHdxX2JtV0pYZGo3Yw?oc=5\" target=\"_blank\" rel=\"nofollow noopener\">Kala eesootavast m\u00e4ngupausist: m\u00e4ngijad on selle \u00fcle \u00f5nnelikud, seda on vaja! (Klettenberg: vaatame n\u00fc\u00fcd telekast jalgpalli)<\/a>&nbsp;&nbsp;Soccernet.ee<\/li>\n<\/ol>\n","protected":false},"excerpt":{"rendered":"Paide linnanaiskond t\u00f5usis enne suvepuhkust liiga liidriks&nbsp;&nbsp;J\u00e4rva Teataja Viimsi alistas Flora, Linnanaiskond t\u00f5usis tabeliliidriks&nbsp;&nbsp;sport | ERR VAATA J\u00c4RELE:&hellip;\n","protected":false},"author":2,"featured_media":210473,"comment_status":"","ping_status":"","sticky":false,"template":"","format":"standard","meta":{"footnotes":"","_share_on_mastodon":"0"},"categories":[5],"tags":[85967,26,27,37,33,35,6256,34,36,3970,31,32,21,28,29,19,26269,25,23,24,22,20,30],"class_list":["post-210472","post","type-post","status-publish","format-standard","has-post-thumbnail","category-uldised-uudised","tag-annagret-kala","tag-breaking-news","tag-breakingnews","tag-ee","tag-eesti","tag-eesti-keel","tag-eesti-naiste-jalgpalli-meistriliiga","tag-estonia","tag-estonian","tag-fc-elva","tag-featured-news","tag-featurednews","tag-headlines","tag-latest-news","tag-latestnews","tag-news","tag-paide-linnanaiskond","tag-populaarseimad-lood","tag-top-stories","tag-topstories","tag-uldised-uudised","tag-uudised","tag-viimased-uudised"],"share_on_mastodon":{"url":"","error":""},"_links":{"self":[{"href":"https:\/\/www.europesays.com\/ee\/wp-json\/wp\/v2\/posts\/210472","targetHints":{"allow":["GET"]}}],"collection":[{"href":"https:\/\/www.europesays.com\/ee\/wp-json\/wp\/v2\/posts"}],"about":[{"href":"https:\/\/www.europesays.com\/ee\/wp-json\/wp\/v2\/types\/post"}],"author":[{"embeddable":true,"href":"https:\/\/www.europesays.com\/ee\/wp-json\/wp\/v2\/users\/2"}],"replies":[{"embeddable":true,"href":"https:\/\/www.europesays.com\/ee\/wp-json\/wp\/v2\/comments?post=210472"}],"version-history":[{"count":0,"href":"https:\/\/www.europesays.com\/ee\/wp-json\/wp\/v2\/posts\/210472\/revisions"}],"wp:featuredmedia":[{"embeddable":true,"href":"https:\/\/www.europesays.com\/ee\/wp-json\/wp\/v2\/media\/210473"}],"wp:attachment":[{"href":"https:\/\/www.europesays.com\/ee\/wp-json\/wp\/v2\/media?parent=210472"}],"wp:term":[{"taxonomy":"category","embeddable":true,"href":"https:\/\/www.europesays.com\/ee\/wp-json\/wp\/v2\/categories?post=210472"},{"taxonomy":"post_tag","embeddable":true,"href":"https:\/\/www.europesays.com\/ee\/wp-json\/wp\/v2\/tags?post=210472"}],"curies":[{"name":"wp","href":"https:\/\/api.w.org\/{rel}","templated":true}]}}