{"id":210474,"date":"2026-06-22T07:48:10","date_gmt":"2026-06-22T07:48:10","guid":{"rendered":"https:\/\/www.europesays.com\/ee\/210474\/"},"modified":"2026-06-22T07:48:10","modified_gmt":"2026-06-22T07:48:10","slug":"horoskoop-%e2%9f%a9-tanane-paev-kutsub-kuulama-mitte-ule-raakima","status":"publish","type":"post","link":"https:\/\/www.europesays.com\/ee\/210474\/","title":{"rendered":"HOROSKOOP \u27e9 T\u00e4nane p\u00e4ev kutsub kuulama, mitte \u00fcle r\u00e4\u00e4kima"},"content":{"rendered":"<p>J\u00e4\u00e4r<br \/>T\u00e4na ei v\u00f5ida see, kes k\u00f5ige k\u00f5vemini r\u00e4\u00e4gib, vaid see, kes \u00f5igel hetkel suu kinni hoiab. \u00dcks pooleli j\u00e4\u00e4nud asi tahab l\u00f5petamist enne, kui saad rahuliku s\u00fcdamega edasi liikuda.<\/p>\n<p>S\u00f5nn<br \/>Sul on tahtmine oma rada k\u00e4ia ja see on t\u00e4iesti \u00f5igustatud. \u00c4ra lase end kaasa t\u00f5mmata plaanidesse, mis n\u00e4evad teiste jaoks head v\u00e4lja, aga sind ennast ei k\u00f5neta.<\/p>\n<p>Kaksikud<br \/>Keegi v\u00f5ib sind \u00fcllatada aususega, mida sa ei osanud oodata. Kuula l\u00f5puni, isegi kui esimene reaktsioon on vahele segada v\u00f5i vastu vaielda.<\/p>\n<p>V\u00e4hk<br \/>Kodused tegemised kipuvad t\u00e4na ritta v\u00f5tma nagu pardipojad tiigi \u00e4\u00e4res. V\u00f5ta neid \u00fckshaaval ja p\u00e4ev saab \u00f5htuks palju klaarim, kui hommikul paistis.<\/p>\n<p>L\u00f5vi<br \/>Kui miski ei l\u00e4he esimese hooga nii nagu plaanitud, \u00e4ra hakka j\u00f5uga suruma. M\u00f5ni uks avaneb alles siis, kui lakkad seda \u00f5last rammimast.<\/p>\n<p>Neitsi<br \/>Sinu praktiline meel on t\u00e4na v\u00e4\u00e4rt kraam. Seal, kus teised arutavad, sina lahendad. \u00d5htuks v\u00f5id avastada, et tegid \u00e4ra rohkem, kui kavatsesid.<\/p>\n<p>Kaalud<br \/>M\u00f5ni inimene vajab lihtsalt \u00e4rakuulamist, mitte n\u00f5uannet. Saad sellest kiiremini aru kui tavaliselt ja see aitab \u00fcht suhet rohkem kui pikad jutud.<\/p>\n<p>Skorpion<br \/>P\u00e4ev soosib v\u00e4ikseid, aga kasulikke otsuseid. Pole vaja maailma parandada \u2013 piisab sellest, kui parandad \u00fche asja, mis on sind juba m\u00f5nda aega h\u00e4irinud.<\/p>\n<p>Ambur<br \/>Su pilk kipub olema j\u00e4rgmises n\u00e4dalas, kuus v\u00f5i aastaajas. Vaata korraks enda ette ka \u2013 \u00fcks hea v\u00f5imalus on palju l\u00e4hemal, kui arvad.<\/p>\n<p>Kaljukits<br \/>T\u00f6\u00f6 v\u00f5ib sind sabapidi kinni v\u00f5tta juba varahommikul. Hoia siiski piirid paigas, sest ka k\u00f5ige tublim inimene ei pea k\u00f5iki auke \u00fcksi kinni toppima.<\/p>\n<p>Veevalaja<br \/>T\u00e4na tasub usaldada oma uudishimu. Juhuslik vestlus, artikkel v\u00f5i t\u00e4helepanek v\u00f5ib anda m\u00f5tte, millest hiljem midagi p\u00e4ris asjalikku kasvab.<\/p>\n<p>Kalad<br \/>Sa ei pea k\u00f5igi meele j\u00e4rgi olema. Kui \u00fctled \u00fche rahuliku \u201eei\u201c, j\u00e4\u00e4b sul rohkem aega ja energiat nende inimeste jaoks, kes sulle p\u00e4riselt korda l\u00e4hevad.<\/p>\n","protected":false},"excerpt":{"rendered":"J\u00e4\u00e4rT\u00e4na ei v\u00f5ida see, kes k\u00f5ige k\u00f5vemini r\u00e4\u00e4gib, vaid see, kes \u00f5igel hetkel suu kinni hoiab. \u00dcks pooleli&hellip;\n","protected":false},"author":2,"featured_media":199149,"comment_status":"","ping_status":"","sticky":false,"template":"","format":"standard","meta":{"footnotes":"","_share_on_mastodon":"0"},"categories":[16],"tags":[19497,37,33,35,173,34,36,19493,19496,9135,6558,9138,19494,140,19495,9137,9136,4194,9139],"class_list":["post-210474","post","type-post","status-publish","format-standard","has-post-thumbnail","category-meelelahutus","tag-ambur","tag-ee","tag-eesti","tag-eesti-keel","tag-entertainment","tag-estonia","tag-estonian","tag-jaar","tag-kaalud","tag-kaksikud","tag-kalad","tag-kaljukits","tag-lovi","tag-meelelahutus","tag-neitsi","tag-skorpion","tag-sonn","tag-vahk","tag-veevalaja"],"share_on_mastodon":{"url":"https:\/\/pubeurope.com\/@ee\/116792662798224483","error":""},"_links":{"self":[{"href":"https:\/\/www.europesays.com\/ee\/wp-json\/wp\/v2\/posts\/210474","targetHints":{"allow":["GET"]}}],"collection":[{"href":"https:\/\/www.europesays.com\/ee\/wp-json\/wp\/v2\/posts"}],"about":[{"href":"https:\/\/www.europesays.com\/ee\/wp-json\/wp\/v2\/types\/post"}],"author":[{"embeddable":true,"href":"https:\/\/www.europesays.com\/ee\/wp-json\/wp\/v2\/users\/2"}],"replies":[{"embeddable":true,"href":"https:\/\/www.europesays.com\/ee\/wp-json\/wp\/v2\/comments?post=210474"}],"version-history":[{"count":0,"href":"https:\/\/www.europesays.com\/ee\/wp-json\/wp\/v2\/posts\/210474\/revisions"}],"wp:featuredmedia":[{"embeddable":true,"href":"https:\/\/www.europesays.com\/ee\/wp-json\/wp\/v2\/media\/199149"}],"wp:attachment":[{"href":"https:\/\/www.europesays.com\/ee\/wp-json\/wp\/v2\/media?parent=210474"}],"wp:term":[{"taxonomy":"category","embeddable":true,"href":"https:\/\/www.europesays.com\/ee\/wp-json\/wp\/v2\/categories?post=210474"},{"taxonomy":"post_tag","embeddable":true,"href":"https:\/\/www.europesays.com\/ee\/wp-json\/wp\/v2\/tags?post=210474"}],"curies":[{"name":"wp","href":"https:\/\/api.w.org\/{rel}","templated":true}]}}