{"id":210550,"date":"2026-06-22T09:18:07","date_gmt":"2026-06-22T09:18:07","guid":{"rendered":"https:\/\/www.europesays.com\/ee\/210550\/"},"modified":"2026-06-22T09:18:07","modified_gmt":"2026-06-22T09:18:07","slug":"geenius-vaade-telerite-minevikku-olevikku-ja-tulevikku-suur-teejuht-ekraanide-mustilisse-maailma","status":"publish","type":"post","link":"https:\/\/www.europesays.com\/ee\/210550\/","title":{"rendered":"GEENIUS | Vaade telerite minevikku, olevikku ja tulevikku. Suur teejuht ekraanide m\u00fcstilisse maailma"},"content":{"rendered":"<p>Seep\u00e4rast tasubki vaadata \u00fcle, millised on tegelikult telerite ekraanide erinevused, ning teha selgeks, kas neil on \u00fcldse suurt vahet ning millist lahendust tasub eelistada. Samuti teeme selgeks, kas teleri valimisel tasub arvestada ruumi ja valgustusega v\u00f5i sobib suvaline teler igale poole.<\/p>\n<p>Pilk ajalukku<\/p>\n<p>Enne olevikule keskendumist ja tulevikku vaatamist tasub heita pilk minevikku ja vaadata, kuhu me oleme tegelikult t\u00e4naseks j\u00f5udnud. <\/p>\n<p>T\u00e4nap\u00e4eval meie kodudes aukoha sisse v\u00f5tnud lameda ekraaniga telerid on tegelikult \u00fcsna uus n\u00e4htus, mis on meiega olnud alla 30 aasta. M\u00e4letan, et LCD-telerite v\u00f5iduk\u00e4igu alguses \u00fctles Samsung, et LCD-telereid ei ole v\u00f5imalik teha suurema kui 32-tollisena, sest ekraan deformeerub ja muutub k\u00f5veraks. Toona lihtsalt ei saanud LCD-paneele suuremalt ja sirgena toota. Kuid vaid paar aastat hiljem t\u00f5i Samsung m\u00fc\u00fcgile 40-tollise ekraaniga mudelid.<\/p>\n<p>Praegu on selge t\u00f5siasi, et hea teler ei ole kunagi varem olnud nii odav, eriti kui v\u00f5rdleme neid paari aastak\u00fcmne taguse ajaga. Praegu on v\u00f5imalik leida tipptasemel 65-tolline OLED-teler poodidest p\u00f5him\u00f5tteliselt Eesti keskmise kuupalga eest. Aastal 2000 maksis Philipsi tipptasemel 36-tollise ekraaniga kineskoopteler 56 000 krooni, ehk 15 keskmist kuupalka. Samal ajal m\u00fc\u00fcdi Eestis ka esimesed tolle aja kohta v\u00e4ga suure ja uskumatult \u00f5hukese 42-tollise ekraaniga plasmatelerid, mille hinnad k\u00fc\u00fcndisid \u00fcle 200 000 krooni.<\/p>\n<p><img decoding=\"async\" src=\"https:\/\/www.europesays.com\/ee\/wp-content\/uploads\/2026\/06\/373c2c33-25fe-4ad8-a67f-169756262011.jpg\" loading=\"lazy\" alt=\"2005. aastal esitles Sasmung tohutult suurt, 102-tollise ekraniga plasmatelerit, mis maksis terve varanduse.\"\/><\/p>\n<p>On loomulikult olemas palju kallimaid mudeleid, aga enamikul meist ei ole tegelikult paremat vaja. V\u00e4ga hea teleri saab v\u00e4hem kui 1000 euro eest ning t\u00e4iesti korraliku ja normaalses suuruses teleri k\u00f5igest 500 euro eest. <\/p>\n<p>N\u00fc\u00fcd oleme taas j\u00f5udnud selleni, et uued tehnoloogiad lubavad meile veel paremat pilti, aga samas on nende hind \u00fcsna k\u00f5rge ning peame veidi ootama, kuni need soodsamaks muutuvad. H\u00fcpe pildikvaliteedis ei saa aga ilmselt enam kunagi olema nii suur, kui oli paarik\u00fcmne aasta eest \u00fcleminekul kobakatelt ja v\u00e4ikese eraldusv\u00f5imega kineskoopteleritelt umeliselt \u00f5hukeste ja lamedate ekraanidega plasma- ja LCD-teleritele.<\/p>\n","protected":false},"excerpt":{"rendered":"Seep\u00e4rast tasubki vaadata \u00fcle, millised on tegelikult telerite ekraanide erinevused, ning teha selgeks, kas neil on \u00fcldse suurt&hellip;\n","protected":false},"author":2,"featured_media":210551,"comment_status":"","ping_status":"","sticky":false,"template":"","format":"standard","meta":{"footnotes":"","_share_on_mastodon":"0"},"categories":[14],"tags":[131,130,37,33,35,34,36,12571],"class_list":["post-210550","post","type-post","status-publish","format-standard","has-post-thumbnail","category-ari","tag-ari","tag-business","tag-ee","tag-eesti","tag-eesti-keel","tag-estonia","tag-estonian","tag-teler"],"share_on_mastodon":{"url":"https:\/\/pubeurope.com\/@ee\/116793017119436149","error":""},"_links":{"self":[{"href":"https:\/\/www.europesays.com\/ee\/wp-json\/wp\/v2\/posts\/210550","targetHints":{"allow":["GET"]}}],"collection":[{"href":"https:\/\/www.europesays.com\/ee\/wp-json\/wp\/v2\/posts"}],"about":[{"href":"https:\/\/www.europesays.com\/ee\/wp-json\/wp\/v2\/types\/post"}],"author":[{"embeddable":true,"href":"https:\/\/www.europesays.com\/ee\/wp-json\/wp\/v2\/users\/2"}],"replies":[{"embeddable":true,"href":"https:\/\/www.europesays.com\/ee\/wp-json\/wp\/v2\/comments?post=210550"}],"version-history":[{"count":0,"href":"https:\/\/www.europesays.com\/ee\/wp-json\/wp\/v2\/posts\/210550\/revisions"}],"wp:featuredmedia":[{"embeddable":true,"href":"https:\/\/www.europesays.com\/ee\/wp-json\/wp\/v2\/media\/210551"}],"wp:attachment":[{"href":"https:\/\/www.europesays.com\/ee\/wp-json\/wp\/v2\/media?parent=210550"}],"wp:term":[{"taxonomy":"category","embeddable":true,"href":"https:\/\/www.europesays.com\/ee\/wp-json\/wp\/v2\/categories?post=210550"},{"taxonomy":"post_tag","embeddable":true,"href":"https:\/\/www.europesays.com\/ee\/wp-json\/wp\/v2\/tags?post=210550"}],"curies":[{"name":"wp","href":"https:\/\/api.w.org\/{rel}","templated":true}]}}