{"id":210554,"date":"2026-06-22T09:20:07","date_gmt":"2026-06-22T09:20:07","guid":{"rendered":"https:\/\/www.europesays.com\/ee\/210554\/"},"modified":"2026-06-22T09:20:07","modified_gmt":"2026-06-22T09:20:07","slug":"taro-ei-toeta-sideandmete-masskogumise-lopetamist-eesti","status":"publish","type":"post","link":"https:\/\/www.europesays.com\/ee\/210554\/","title":{"rendered":"Taro ei toeta sideandmete masskogumise l\u00f5petamist | Eesti"},"content":{"rendered":"<p>Eesti 200 siseminister Igor Taro ei toeta parteikaaslasest justiits- ja digiministri Liisa Pakosta plaani l\u00f5petada Eestis Euroopa Liidu \u00f5igusega vastuolus olev sideandmete masskogumine ja soovib s\u00e4ilitada v\u00f5imaluse neid edasi koguda.<\/p>\n<p>Eestis kohustab seadus sideettev\u00f5tteid koguma ja aasta jagu salvestama inimeste telefonik\u00f5nede metaandmeid \u2013 kellele k\u00f5ne tehti, kaua kestis, kus helistajad viibisid ja muud sarnast. See, et selline tegevus on Euroopa Liidu \u00f5igusega vastuolus, on teada olnud juba aastaid.<\/p>\n<p>T\u00e4navu mais tuli Pakosta juhitud justiits- ja digiministeerium v\u00e4lja eeln\u00f5uga, mis viiks Eestis kehtiva \u00f5iguse koosk\u00f5lla Euroopa Liidu \u00f5igusega ja l\u00f5petaks andmete s\u00e4ilitamise kohustuse. Samas oleks \u00f5iguskaitseasutustel v\u00f5imalik kasutada sidefirmade \u00e4rilistel eesm\u00e4rkidel kogutud andmeid.<\/p>\n<p>N\u00fc\u00fcd saatis siseminister Igor Taro oma vaate muudatusele. Tema hinnangul on sideandmed asendamatu vahend raskete kuritegude avastamisel.<\/p>\n<p>&#8220;Tutvunud eeln\u00f5uga leiame, et sellisel kujul ei ole v\u00f5imalik seda koosk\u00f5lastada, kuna see ei arvesta uurimisasutuste vajadustega neile pandud \u00fclesannete t\u00e4itmiseks,&#8221; m\u00e4rkis Taro oma p\u00f6\u00f6rdumises.<\/p>\n<p>Tema s\u00f5nul ei ole v\u00f5imalik vaid \u00e4rilistel eesm\u00e4rkidel kogutud sideandmeid kasutades menetleda organiseeritud ja raskeid peitekuritegusid.<\/p>\n<p>Siseministeeriumi hinnangul v\u00f5iks riigi julgeolekut v\u00f5i p\u00f5hiseaduslikku korda \u00e4hvardava ohu korral s\u00e4ilitada sideandmeid valitsuse korraldusega kolm aastat. Korraldust saaks kuni kolme aasta kaupa pikendada.<\/p>\n<p>Lisaks tahab siseministeerium v\u00f5imaldada teatud piirkondades sideandmete s\u00e4ilitamist raske kuritegevuse vastase v\u00f5itluse eesm\u00e4rgil.<\/p>\n<p>Siseministeeriumi ettepanekul v\u00f5iksid olla tulevikus aasta salvestatud k\u00f5ik andmed k\u00f5nede kohta, mida tehakse 10 kilomeetri kaugusel Eesti piirist v\u00f5i riigikaitselistest objektidest, k\u00f5nekaardiga telefonidelt ja v\u00e4lismaa numbritelt.<\/p>\n<p>Veel salvestuks aastaks valitsuse korraldusel k\u00f5nede andmed valitud geograafilises piirkonnas, elut\u00e4htsa teenuse osutajast kuni 10 kilomeetri kaugusel v\u00f5i saartel.<\/p>\n<p>Taro s\u00f5nul ei saa turvalise \u00fchiskonna s\u00e4ilimine j\u00e4\u00e4da lootma \u00fcksnes andmetele, mida sideettev\u00f5tjad s\u00e4ilitavad \u00e4rilistel eesm\u00e4rkidel.<\/p>\n<p>Ka kaitsepolitsei amet teatas juuni keskel kirjas justiits- ja digiministeeriumile, et sideandmete s\u00e4ilitamine v\u00f5iks j\u00e4tkuda.<\/p>\n<p>Kapo peadirektori Margo Pallosoni allkirja kandvas kirjas tegi amet ettepaneku valitsuse korraldusel koguda sideandmeid kaks aastat, v\u00f5imalusega kuni kahe aasta kaupa perioodi pikendada.<\/p>\n<p>Muus osas oli kaitsepolitsei ettepanekud eeln\u00f5ule siseministeeriumi ettepanekutega \u00fcsna samasisulised.<\/p>\n","protected":false},"excerpt":{"rendered":"Eesti 200 siseminister Igor Taro ei toeta parteikaaslasest justiits- ja digiministri Liisa Pakosta plaani l\u00f5petada Eestis Euroopa Liidu&hellip;\n","protected":false},"author":2,"featured_media":210555,"comment_status":"","ping_status":"","sticky":false,"template":"","format":"standard","meta":{"footnotes":"","_share_on_mastodon":"0"},"categories":[12],"tags":[26,27,37,33,35,34,36,31,32,21,614,48940,5209,8387,28,29,2860,19,27290,1750,25,67060,85994,25423,11180,23,24,22,20,30],"class_list":["post-210554","post","type-post","status-publish","format-standard","has-post-thumbnail","category-eesti","tag-breaking-news","tag-breakingnews","tag-ee","tag-eesti","tag-eesti-keel","tag-estonia","tag-estonian","tag-featured-news","tag-featurednews","tag-headlines","tag-igor-taro","tag-jalgimine","tag-justiits-ja-digiministeerium","tag-kaitse","tag-latest-news","tag-latestnews","tag-liisa-pakosta","tag-news","tag-oiglus","tag-oigus","tag-populaarseimad-lood","tag-sideandmed","tag-siseministeeriium","tag-telekom","tag-telekommunikatsioon","tag-top-stories","tag-topstories","tag-uldised-uudised","tag-uudised","tag-viimased-uudised"],"share_on_mastodon":{"url":"https:\/\/pubeurope.com\/@ee\/116793024645928720","error":""},"_links":{"self":[{"href":"https:\/\/www.europesays.com\/ee\/wp-json\/wp\/v2\/posts\/210554","targetHints":{"allow":["GET"]}}],"collection":[{"href":"https:\/\/www.europesays.com\/ee\/wp-json\/wp\/v2\/posts"}],"about":[{"href":"https:\/\/www.europesays.com\/ee\/wp-json\/wp\/v2\/types\/post"}],"author":[{"embeddable":true,"href":"https:\/\/www.europesays.com\/ee\/wp-json\/wp\/v2\/users\/2"}],"replies":[{"embeddable":true,"href":"https:\/\/www.europesays.com\/ee\/wp-json\/wp\/v2\/comments?post=210554"}],"version-history":[{"count":0,"href":"https:\/\/www.europesays.com\/ee\/wp-json\/wp\/v2\/posts\/210554\/revisions"}],"wp:featuredmedia":[{"embeddable":true,"href":"https:\/\/www.europesays.com\/ee\/wp-json\/wp\/v2\/media\/210555"}],"wp:attachment":[{"href":"https:\/\/www.europesays.com\/ee\/wp-json\/wp\/v2\/media?parent=210554"}],"wp:term":[{"taxonomy":"category","embeddable":true,"href":"https:\/\/www.europesays.com\/ee\/wp-json\/wp\/v2\/categories?post=210554"},{"taxonomy":"post_tag","embeddable":true,"href":"https:\/\/www.europesays.com\/ee\/wp-json\/wp\/v2\/tags?post=210554"}],"curies":[{"name":"wp","href":"https:\/\/api.w.org\/{rel}","templated":true}]}}