{"id":210587,"date":"2026-06-22T09:54:20","date_gmt":"2026-06-22T09:54:20","guid":{"rendered":"https:\/\/www.europesays.com\/ee\/210587\/"},"modified":"2026-06-22T09:54:20","modified_gmt":"2026-06-22T09:54:20","slug":"lubja-tanava-ristmikul-taastub-tavaparane-auto-ja-trammiliiklus","status":"publish","type":"post","link":"https:\/\/www.europesays.com\/ee\/210587\/","title":{"rendered":"Lubja t\u00e4nava ristmikul taastub tavap\u00e4rane auto- ja trammiliiklus"},"content":{"rendered":"<p>Lubja t\u00e4nava ja Tartu maantee ristmikul taastub esmasp\u00e4evast tavap\u00e4rane liikluskorraldus nii r\u00f6\u00f6bas- kui ka tavas\u00f5idukite jaoks \u2013 autod saavad taas p\u00f6\u00f6rata Tartu maanteelt Lubja t\u00e4navale ning trammid hakkavad Lubja kurvis s\u00f5itma m\u00f5lemas suunas, teatab BNS.<\/p>\n<p>\u201eKuigi j\u00e4tkuvad veel m\u00f5ned v\u00e4iksemad t\u00f6\u00f6d, n\u00e4iteks haljastamise osas, saame avada liikluse nii \u00fchistranspordile kui ka s\u00f5idukitele. Oluline oli, et tavap\u00e4rase liikluskorralduse saaks taastatud kohe, kui suuremad t\u00f6\u00f6d on valmis ja seda on v\u00f5imalik ohutult teha,\u201c \u00fctles Tallinna transpordi ja liikuvuse valdkonna abilinnapea Joel\u00a0Jesse.<\/p>\n<p>\u201eKasutasime Tallinnas esmakordselt mobiilseid r\u00f6\u00f6pavahetuse veksleid, mis v\u00f5imaldasid hoida trammid valdava osa ajast liikumas. T\u00e4naseks on vajalikud t\u00f6\u00f6d tehtud ning uuendatud l\u00f5ik tagab trammiliiklusele suurema t\u00f6\u00f6kindluse,\u201c \u00fctles Tallinna Linnatranspordi juhatuse liige Kaido Padar.<\/p>\n<p>T\u00f6\u00f6de k\u00e4igus vahetati v\u00e4lja ligikaudu 150 meetrit amortiseerunud r\u00f6\u00f6paid. Remont l\u00e4ks maksma 504 000 eurot.<\/p>\n<p>T\u00f6\u00f6de l\u00f5ppemisega taastuvad ka trammide tavap\u00e4rased s\u00f5iduplaanid. Tallinna Linnatransport soovitab reisijatel enne teele asumist kontrollida v\u00e4ljumisaegu veebilehelt transport.tallinn.ee.<\/p>\n","protected":false},"excerpt":{"rendered":"Lubja t\u00e4nava ja Tartu maantee ristmikul taastub esmasp\u00e4evast tavap\u00e4rane liikluskorraldus nii r\u00f6\u00f6bas- kui ka tavas\u00f5idukite jaoks \u2013 autod&hellip;\n","protected":false},"author":2,"featured_media":210588,"comment_status":"","ping_status":"","sticky":false,"template":"","format":"standard","meta":{"footnotes":"","_share_on_mastodon":"0"},"categories":[5],"tags":[26,27,37,33,35,34,36,31,32,21,30272,28,29,24086,54721,19,25,86026,23,24,22,20,30],"class_list":["post-210587","post","type-post","status-publish","format-standard","has-post-thumbnail","category-uldised-uudised","tag-breaking-news","tag-breakingnews","tag-ee","tag-eesti","tag-eesti-keel","tag-estonia","tag-estonian","tag-featured-news","tag-featurednews","tag-headlines","tag-joel-jesse","tag-latest-news","tag-latestnews","tag-liikluskorraldus","tag-lubja-tanav","tag-news","tag-populaarseimad-lood","tag-taastub","tag-top-stories","tag-topstories","tag-uldised-uudised","tag-uudised","tag-viimased-uudised"],"share_on_mastodon":{"url":"https:\/\/pubeurope.com\/@ee\/116793158160655730","error":""},"_links":{"self":[{"href":"https:\/\/www.europesays.com\/ee\/wp-json\/wp\/v2\/posts\/210587","targetHints":{"allow":["GET"]}}],"collection":[{"href":"https:\/\/www.europesays.com\/ee\/wp-json\/wp\/v2\/posts"}],"about":[{"href":"https:\/\/www.europesays.com\/ee\/wp-json\/wp\/v2\/types\/post"}],"author":[{"embeddable":true,"href":"https:\/\/www.europesays.com\/ee\/wp-json\/wp\/v2\/users\/2"}],"replies":[{"embeddable":true,"href":"https:\/\/www.europesays.com\/ee\/wp-json\/wp\/v2\/comments?post=210587"}],"version-history":[{"count":0,"href":"https:\/\/www.europesays.com\/ee\/wp-json\/wp\/v2\/posts\/210587\/revisions"}],"wp:featuredmedia":[{"embeddable":true,"href":"https:\/\/www.europesays.com\/ee\/wp-json\/wp\/v2\/media\/210588"}],"wp:attachment":[{"href":"https:\/\/www.europesays.com\/ee\/wp-json\/wp\/v2\/media?parent=210587"}],"wp:term":[{"taxonomy":"category","embeddable":true,"href":"https:\/\/www.europesays.com\/ee\/wp-json\/wp\/v2\/categories?post=210587"},{"taxonomy":"post_tag","embeddable":true,"href":"https:\/\/www.europesays.com\/ee\/wp-json\/wp\/v2\/tags?post=210587"}],"curies":[{"name":"wp","href":"https:\/\/api.w.org\/{rel}","templated":true}]}}