{"id":210707,"date":"2026-06-22T12:16:08","date_gmt":"2026-06-22T12:16:08","guid":{"rendered":"https:\/\/www.europesays.com\/ee\/210707\/"},"modified":"2026-06-22T12:16:08","modified_gmt":"2026-06-22T12:16:08","slug":"soome-kultussarja-uus-osa-toob-joomahullu-tagasi-vanade-deemonite-juurde","status":"publish","type":"post","link":"https:\/\/www.europesays.com\/ee\/210707\/","title":{"rendered":"Soome kultussarja uus osa toob joomahullu tagasi vanade deemonite juurde"},"content":{"rendered":"<p class=\"x_MsoNormal\">Juha ja Sirpa t\u00e4iskasvanuks saanud j\u00e4reltulijad lahkuvad kodupesast ning kipuvad Helsingi t\u00e4navail taksorooli keerava Juha kiilale pealaele halle juuksekarvu kasvatama. Kui saatuse karm k\u00e4si haarab meie antikangelasel natist kinni ja tarib vastu sipleva Juha tagasi Kalliosse Vaasankatule, on ta sunnitud omaenda laste puuritud uksesilma kaudu otse \u00e4hmasesse joobep\u00f5rgusse kiikama. Ta saab karmi meeldetuletuse, et mineviku kummitused v\u00f5ivad iga hetk ootamatul viisil tagasi tulla ning oma lapsi ei saa l\u00f5putult kaitsta \u2013 isegi mitte j\u00f5uga.<\/p>\n<p class=\"x_MsoNormal\">Samal ajal vaevavad Juhat aina enam vananemisega seotud hirmud, justkui endisel joomahullul muud teha polekski. \u00d5nneks seisavad ka vastutuules tema k\u00f5rval m\u00f5nev\u00f5rra viltused tugisambad: loomade \u00f5iguste eest s\u00f5tta t\u00f5tanud Mikael ning Juha v\u00e4ikest kohvikut pidav Kristian. Mis v\u00f5iks sellise seltskonnaga \u00fcldse valesti minna?<\/p>\n","protected":false},"excerpt":{"rendered":"Juha ja Sirpa t\u00e4iskasvanuks saanud j\u00e4reltulijad lahkuvad kodupesast ning kipuvad Helsingi t\u00e4navail taksorooli keerava Juha kiilale pealaele halle&hellip;\n","protected":false},"author":2,"featured_media":210708,"comment_status":"","ping_status":"","sticky":false,"template":"","format":"standard","meta":{"footnotes":"","_share_on_mastodon":"0"},"categories":[80],"tags":[8694,26,27,37,33,35,34,36,31,32,21,3950,86197,86196,86199,28,29,95,86198,19,25,179,86201,23,24,22,20,86200,7514,30,92,93,94],"class_list":["post-210707","post","type-post","status-publish","format-standard","has-post-thumbnail","category-maailm","tag-alkoholism","tag-breaking-news","tag-breakingnews","tag-ee","tag-eesti","tag-eesti-keel","tag-estonia","tag-estonian","tag-featured-news","tag-featurednews","tag-headlines","tag-helsingi","tag-joomahullu-paevaraamat","tag-juha-vuorinen","tag-kallio","tag-latest-news","tag-latestnews","tag-maailm","tag-mihkel-moisnik","tag-news","tag-populaarseimad-lood","tag-raamat","tag-soome-ilukirjandus","tag-top-stories","tag-topstories","tag-uldised-uudised","tag-uudised","tag-vaasankatu","tag-vananemine","tag-viimased-uudised","tag-world","tag-world-news","tag-worldnews"],"share_on_mastodon":{"url":"https:\/\/pubeurope.com\/@ee\/116793716648850425","error":""},"_links":{"self":[{"href":"https:\/\/www.europesays.com\/ee\/wp-json\/wp\/v2\/posts\/210707","targetHints":{"allow":["GET"]}}],"collection":[{"href":"https:\/\/www.europesays.com\/ee\/wp-json\/wp\/v2\/posts"}],"about":[{"href":"https:\/\/www.europesays.com\/ee\/wp-json\/wp\/v2\/types\/post"}],"author":[{"embeddable":true,"href":"https:\/\/www.europesays.com\/ee\/wp-json\/wp\/v2\/users\/2"}],"replies":[{"embeddable":true,"href":"https:\/\/www.europesays.com\/ee\/wp-json\/wp\/v2\/comments?post=210707"}],"version-history":[{"count":0,"href":"https:\/\/www.europesays.com\/ee\/wp-json\/wp\/v2\/posts\/210707\/revisions"}],"wp:featuredmedia":[{"embeddable":true,"href":"https:\/\/www.europesays.com\/ee\/wp-json\/wp\/v2\/media\/210708"}],"wp:attachment":[{"href":"https:\/\/www.europesays.com\/ee\/wp-json\/wp\/v2\/media?parent=210707"}],"wp:term":[{"taxonomy":"category","embeddable":true,"href":"https:\/\/www.europesays.com\/ee\/wp-json\/wp\/v2\/categories?post=210707"},{"taxonomy":"post_tag","embeddable":true,"href":"https:\/\/www.europesays.com\/ee\/wp-json\/wp\/v2\/tags?post=210707"}],"curies":[{"name":"wp","href":"https:\/\/api.w.org\/{rel}","templated":true}]}}