{"id":210876,"date":"2026-06-22T15:36:10","date_gmt":"2026-06-22T15:36:10","guid":{"rendered":"https:\/\/www.europesays.com\/ee\/210876\/"},"modified":"2026-06-22T15:36:10","modified_gmt":"2026-06-22T15:36:10","slug":"leonid-latsepov-loobub-birminghami-em-ist-kergejoustik","status":"publish","type":"post","link":"https:\/\/www.europesays.com\/ee\/210876\/","title":{"rendered":"Leonid Latsepov loobub Birminghami EM-ist | Kergej\u00f5ustik"},"content":{"rendered":"<p>Eesti \u00fcks paremaid maratoonareid Leonid Latsepov andis teada, et ei osale augustis toimuvatel Euroopa meistriv\u00f5istlustel.<\/p>\n<p>&#8220;Viimased 1,5 kuud olen k\u00fcll taas jooksutrenne teinud, kuid ristluu- ja kubemepiirkonna valu ei v\u00f5imalda mul vajalikul tasemel treenida. L\u00fchikesed l\u00f5igud ja kuni 12 km krossid tulevad v\u00e4lja valuvabalt, kuid \u00fcle tunni aja pingutust jalg ei kannata,&#8221; kirjutas ta sotsiaalmeedias.<\/p>\n<p>&#8220;Kuigi luu on suure t\u00f5en\u00e4osusega kinni kasvanud, annab luuturse endiselt valureaktsiooni ning t\u00e4ielik taastumine v\u00f5tab veel aega. Tiitliv\u00f5istlustele minnakse siis, kui ollakse valmis andma endast maksimumi. Praeguses seisus ei ole ma selleks kahjuks v\u00f5imeline. M\u00f5ne rahvajooksu v\u00f5i staadioniv\u00f5istluse teen sel suvel kaasa, kuid suures m\u00e4ngus ei osale.&#8221;<\/p>\n<p>Latsepovi s\u00f5nul pole loobumine lihtne. &#8220;Arvestades, kui h\u00e4sti meil eelmisel kevadel Belgias l\u00e4ks, oli seda otsust v\u00e4ga raske teha. Euroopa meistriv\u00f5istlused olid selle aasta t\u00e4htsaim eesm\u00e4rk ning seet\u00f5ttu valmistab loobumine suurt pettumust.&#8221;<\/p>\n<p>&#8220;Soovin palju edu oma tiimikaaslastele, Tiidrek Nurme ja Karel Hussar! Jooksete Birminghamis nii enda, Eesti, kui ka minu eest,&#8221; ergutas ta tiimikaaslasi.<\/p>\n<p>Viimati jooksis Latsepov tipptasemel Tokyo ol\u00fcmpial, kui sai 64. koha ajaga 2:29.59. Tema isiklik rekord on tunamullu Viinis joostud 2:13.38, mis annab Eesti k\u00f5igi aegade edetabelis Pavel Loskutovi, Tiidrek Nurme ja Roman Fosti j\u00e4rel neljanda koha.<\/p>\n<p>Kergej\u00f5ustiku EM peetakse Birminghamis 10.-16. augustil.<\/p>\n","protected":false},"excerpt":{"rendered":"Eesti \u00fcks paremaid maratoonareid Leonid Latsepov andis teada, et ei osale augustis toimuvatel Euroopa meistriv\u00f5istlustel. &#8220;Viimased 1,5 kuud&hellip;\n","protected":false},"author":2,"featured_media":210877,"comment_status":"","ping_status":"","sticky":false,"template":"","format":"standard","meta":{"footnotes":"","_share_on_mastodon":"0"},"categories":[18],"tags":[37,33,35,34,36,25752,3803,3206,159,158],"class_list":["post-210876","post","type-post","status-publish","format-standard","has-post-thumbnail","category-sport","tag-ee","tag-eesti","tag-eesti-keel","tag-estonia","tag-estonian","tag-kergejoustiku-em","tag-leonid-latsepov","tag-maraton","tag-sport","tag-sports"],"share_on_mastodon":{"url":"https:\/\/pubeurope.com\/@ee\/116794502852933835","error":""},"_links":{"self":[{"href":"https:\/\/www.europesays.com\/ee\/wp-json\/wp\/v2\/posts\/210876","targetHints":{"allow":["GET"]}}],"collection":[{"href":"https:\/\/www.europesays.com\/ee\/wp-json\/wp\/v2\/posts"}],"about":[{"href":"https:\/\/www.europesays.com\/ee\/wp-json\/wp\/v2\/types\/post"}],"author":[{"embeddable":true,"href":"https:\/\/www.europesays.com\/ee\/wp-json\/wp\/v2\/users\/2"}],"replies":[{"embeddable":true,"href":"https:\/\/www.europesays.com\/ee\/wp-json\/wp\/v2\/comments?post=210876"}],"version-history":[{"count":0,"href":"https:\/\/www.europesays.com\/ee\/wp-json\/wp\/v2\/posts\/210876\/revisions"}],"wp:featuredmedia":[{"embeddable":true,"href":"https:\/\/www.europesays.com\/ee\/wp-json\/wp\/v2\/media\/210877"}],"wp:attachment":[{"href":"https:\/\/www.europesays.com\/ee\/wp-json\/wp\/v2\/media?parent=210876"}],"wp:term":[{"taxonomy":"category","embeddable":true,"href":"https:\/\/www.europesays.com\/ee\/wp-json\/wp\/v2\/categories?post=210876"},{"taxonomy":"post_tag","embeddable":true,"href":"https:\/\/www.europesays.com\/ee\/wp-json\/wp\/v2\/tags?post=210876"}],"curies":[{"name":"wp","href":"https:\/\/api.w.org\/{rel}","templated":true}]}}