{"id":210936,"date":"2026-06-22T16:57:41","date_gmt":"2026-06-22T16:57:41","guid":{"rendered":"https:\/\/www.europesays.com\/ee\/210936\/"},"modified":"2026-06-22T16:57:41","modified_gmt":"2026-06-22T16:57:41","slug":"kolmikuid-oodanud-naise-sudantlohestav-lugu-mu-abikaasa-laks-hommikujooksule-ega-tulnud-kunagi-tagasi","status":"publish","type":"post","link":"https:\/\/www.europesays.com\/ee\/210936\/","title":{"rendered":"Kolmikuid oodanud naise s\u00fcdantl\u00f5hestav lugu: \u00abMu abikaasa l\u00e4ks hommikujooksule ega tulnud kunagi tagasi\u00bb"},"content":{"rendered":"<p>Aasta 2020 j\u00e4\u00e4b paljudele meelde koroonapandeemia ja \u00fcleilmse ebakindluse t\u00f5ttu. Ameeriklanna Ashley Conwellile pidi see olema elu \u00f5nnelikem aeg. P\u00e4rast pikki p\u00fc\u00fcdlusi sai tollal 29-aastane naine oma armastava abikaasa Mattiga teada, et nad ootavad last. Kui ultraheli paljastas, et tulemas on mitte \u00fcks, vaid koguni kolm imikut, oli paari \u00f5nn kirjeldamatu. Paraku purunes see muinasjutt vaid loetud n\u00e4dalate p\u00e4rast \u00fcheainsa sekundiga.<\/p>\n<p>Sama aasta augustis t\u00e4histas s\u00fcgavalt armunud paar oma pulma-aastap\u00e4eva, teadmata, et see j\u00e4\u00e4b neile viimaseks \u00fchiseks t\u00e4htp\u00e4evaks.<\/p>\n","protected":false},"excerpt":{"rendered":"Aasta 2020 j\u00e4\u00e4b paljudele meelde koroonapandeemia ja \u00fcleilmse ebakindluse t\u00f5ttu. Ameeriklanna Ashley Conwellile pidi see olema elu \u00f5nnelikem&hellip;\n","protected":false},"author":2,"featured_media":210854,"comment_status":"","ping_status":"","sticky":false,"template":"","format":"standard","meta":{"footnotes":"","_share_on_mastodon":"0"},"categories":[80],"tags":[587,86269,26,27,37,33,35,34,36,31,32,21,2236,28,29,17318,86270,86271,349,95,19,1565,86272,25,10744,23,24,22,20,61765,30,92,93,94],"class_list":["post-210936","post","type-post","status-publish","format-standard","has-post-thumbnail","category-maailm","tag-ameerika-uhendriigid","tag-ashley-conwell","tag-breaking-news","tag-breakingnews","tag-ee","tag-eesti","tag-eesti-keel","tag-estonia","tag-estonian","tag-featured-news","tag-featurednews","tag-headlines","tag-kolmikud","tag-latest-news","tag-latestnews","tag-lein","tag-leseks-jaamine","tag-lesknaised","tag-liiklusonnetus","tag-maailm","tag-news","tag-perekond","tag-peretraagika","tag-populaarseimad-lood","tag-rasedus","tag-top-stories","tag-topstories","tag-uldised-uudised","tag-uudised","tag-vaimne-vastupidavus","tag-viimased-uudised","tag-world","tag-world-news","tag-worldnews"],"share_on_mastodon":{"url":"","error":"Validation failed: Text character limit of 500 exceeded"},"_links":{"self":[{"href":"https:\/\/www.europesays.com\/ee\/wp-json\/wp\/v2\/posts\/210936","targetHints":{"allow":["GET"]}}],"collection":[{"href":"https:\/\/www.europesays.com\/ee\/wp-json\/wp\/v2\/posts"}],"about":[{"href":"https:\/\/www.europesays.com\/ee\/wp-json\/wp\/v2\/types\/post"}],"author":[{"embeddable":true,"href":"https:\/\/www.europesays.com\/ee\/wp-json\/wp\/v2\/users\/2"}],"replies":[{"embeddable":true,"href":"https:\/\/www.europesays.com\/ee\/wp-json\/wp\/v2\/comments?post=210936"}],"version-history":[{"count":0,"href":"https:\/\/www.europesays.com\/ee\/wp-json\/wp\/v2\/posts\/210936\/revisions"}],"wp:featuredmedia":[{"embeddable":true,"href":"https:\/\/www.europesays.com\/ee\/wp-json\/wp\/v2\/media\/210854"}],"wp:attachment":[{"href":"https:\/\/www.europesays.com\/ee\/wp-json\/wp\/v2\/media?parent=210936"}],"wp:term":[{"taxonomy":"category","embeddable":true,"href":"https:\/\/www.europesays.com\/ee\/wp-json\/wp\/v2\/categories?post=210936"},{"taxonomy":"post_tag","embeddable":true,"href":"https:\/\/www.europesays.com\/ee\/wp-json\/wp\/v2\/tags?post=210936"}],"curies":[{"name":"wp","href":"https:\/\/api.w.org\/{rel}","templated":true}]}}