{"id":210937,"date":"2026-06-22T16:59:10","date_gmt":"2026-06-22T16:59:10","guid":{"rendered":"https:\/\/www.europesays.com\/ee\/210937\/"},"modified":"2026-06-22T16:59:10","modified_gmt":"2026-06-22T16:59:10","slug":"lehis-olid-teatud-pinged-seda-magusam-oli-voit-vehklemine","status":"publish","type":"post","link":"https:\/\/www.europesays.com\/ee\/210937\/","title":{"rendered":"Lehis: olid teatud pinged, seda magusam oli v\u00f5it | Vehklemine"},"content":{"rendered":"<p>Katrina Lehis tuli Prantsusmaal Antonys toimunud vehklemise Euroopa meistriv\u00f5istlustel naiste epee individuaalturniiril kullale ja kordas kaheksa aasta tagust edu.<\/p>\n<p>&#8220;Kuidagi \u00fcllatus oli enda jaoks ka. Olid teatud pinged. Ei ole lihtne minna esinumbrina v\u00f5istlusele,&#8221; muljetas tagasi kodumaale j\u00f5udnud Lehis ERR-ile. &#8220;Siis see, et pean vehklema alagruppi, mida ma muidu ei tee. K\u00f5ik oli teistmoodi, aga seda magusam see v\u00f5it oli.&#8221;<\/p>\n<p>Kuidas v\u00f5rrelda seda esimese tiitliga 2018. aastal? &#8220;Kaheksa aastat on v\u00e4ga pikk aeg. Too aeg olin noor, olin v\u00e4rskelt emaks saanud,&#8221; meenutas Lehis. &#8220;V\u00f5ib-olla fookus oli natuke selline, et tulid rajalt maha, siis oli kohe poeg. T\u00e4na on poeg nii iseseisev, et saab peaaegu ise oma eluga hakkama. T\u00e4na olen k\u00fcpsem, teistmoodi asjas sees. Erinevus on v\u00e4ga-v\u00e4ga suur.&#8221;<\/p>\n<p>Lehise hooaeg on kulgenud v\u00e4ga stabiilselt. Ta on j\u00f5udnud pjedestaalile ka GP-etapil ja MK-etapil. &#8220;Paar t\u00fcdrukut on epeevehklemises, kes me oleme olnud stabiilsemad. Mul on hea meel, et olen suutnud seda stabiilsust hoida,&#8221; r\u00f5\u00f5mustas v\u00e4rske Euroopa meister. &#8220;Ma loodan, et suudan ka edasi hoida. See on epees kuidagi raske. Ju siis ikkagi taas see ettevalmistus. Kui on hetk puhata, siis tuleb seda \u00e4ra kasutada, sest graafik on v\u00e4ga intensiivne. Ju siis oleme osanud neid asju \u00f5igesti planeerida.&#8221;<\/p>\n<p>V\u00f5istkonnav\u00f5istluses tuli viies koht. Veerandfinaalis kaotati Ukrainale, k\u00f5ik \u00fclej\u00e4\u00e4nud mat\u0161id v\u00f5ideti. &#8220;V\u00f5tsime negatiivsest maksimumi. Ukraina kaotus oli valus. Tegin oma j\u00e4reldused \u00fcsna kiiresti. On teatud asjad, millega mentaalselt pean v\u00f5istkonnav\u00f5istluse puhul t\u00f6\u00f6d tegema,&#8221; raputas Lehis endale tuhka p\u00e4he.<\/p>\n<p>&#8220;Mul on natuke raske \u00fcmber l\u00fclituda. Kuna d\u00fcnaamika on individuaalsega v\u00e4ga erinev, siis pean natuke ilmselt Kolja [treener Nikolai Novosjolov] ja Sne\u017eanaga [ps\u00fchholoog Sne\u017eana Stoljarova] sel teemal vestlema. Pean suutma end rohkem tiimile \u00fcmber l\u00fclitada, et mitte tasa tehtud seisu maha m\u00e4ngida.&#8221;<\/p>\n<p>Juba kuu aja p\u00e4rast avaneb v\u00f5imalust medaliarvet kasvatada, sest ees ootab MM Hongkongis. &#8220;Ikka ja j\u00e4lle ettevalmistus. Sellest ei saa \u00fcle ega \u00fcmber. Korraks tuleb aeg maha v\u00f5tta, teha t\u00f6\u00f6d. N\u00fc\u00fcd ei ole p\u00e4ris nii, et kuu aega olen ja l\u00e4hen uuesti rajale. Tulemuse pealt v\u00f5istlema minek on tihti keerulisem. Iseenda jaoks tekitab see k\u00f5rgemaid ootusi. Tuleb natuke v\u00f5ib-olla maha rahuneda.&#8221;<\/p>\n","protected":false},"excerpt":{"rendered":"Katrina Lehis tuli Prantsusmaal Antonys toimunud vehklemise Euroopa meistriv\u00f5istlustel naiste epee individuaalturniiril kullale ja kordas kaheksa aasta tagust&hellip;\n","protected":false},"author":2,"featured_media":210938,"comment_status":"","ping_status":"","sticky":false,"template":"","format":"standard","meta":{"footnotes":"","_share_on_mastodon":"0"},"categories":[5],"tags":[26,27,37,33,35,34,36,31,32,21,6345,28,29,19,25,23,24,22,20,37892,30],"class_list":["post-210937","post","type-post","status-publish","format-standard","has-post-thumbnail","category-uldised-uudised","tag-breaking-news","tag-breakingnews","tag-ee","tag-eesti","tag-eesti-keel","tag-estonia","tag-estonian","tag-featured-news","tag-featurednews","tag-headlines","tag-katrina-lehis","tag-latest-news","tag-latestnews","tag-news","tag-populaarseimad-lood","tag-top-stories","tag-topstories","tag-uldised-uudised","tag-uudised","tag-vehklemise-em","tag-viimased-uudised"],"share_on_mastodon":{"url":"https:\/\/pubeurope.com\/@ee\/116794829181455331","error":""},"_links":{"self":[{"href":"https:\/\/www.europesays.com\/ee\/wp-json\/wp\/v2\/posts\/210937","targetHints":{"allow":["GET"]}}],"collection":[{"href":"https:\/\/www.europesays.com\/ee\/wp-json\/wp\/v2\/posts"}],"about":[{"href":"https:\/\/www.europesays.com\/ee\/wp-json\/wp\/v2\/types\/post"}],"author":[{"embeddable":true,"href":"https:\/\/www.europesays.com\/ee\/wp-json\/wp\/v2\/users\/2"}],"replies":[{"embeddable":true,"href":"https:\/\/www.europesays.com\/ee\/wp-json\/wp\/v2\/comments?post=210937"}],"version-history":[{"count":0,"href":"https:\/\/www.europesays.com\/ee\/wp-json\/wp\/v2\/posts\/210937\/revisions"}],"wp:featuredmedia":[{"embeddable":true,"href":"https:\/\/www.europesays.com\/ee\/wp-json\/wp\/v2\/media\/210938"}],"wp:attachment":[{"href":"https:\/\/www.europesays.com\/ee\/wp-json\/wp\/v2\/media?parent=210937"}],"wp:term":[{"taxonomy":"category","embeddable":true,"href":"https:\/\/www.europesays.com\/ee\/wp-json\/wp\/v2\/categories?post=210937"},{"taxonomy":"post_tag","embeddable":true,"href":"https:\/\/www.europesays.com\/ee\/wp-json\/wp\/v2\/tags?post=210937"}],"curies":[{"name":"wp","href":"https:\/\/api.w.org\/{rel}","templated":true}]}}