{"id":210941,"date":"2026-06-22T17:06:12","date_gmt":"2026-06-22T17:06:12","guid":{"rendered":"https:\/\/www.europesays.com\/ee\/210941\/"},"modified":"2026-06-22T17:06:12","modified_gmt":"2026-06-22T17:06:12","slug":"delfi-video-em-kuld-katrina-lehis-oleme-leidnud-toimiva-lahenduse-kuid-koike-ei-saa-valja-raakida","status":"publish","type":"post","link":"https:\/\/www.europesays.com\/ee\/210941\/","title":{"rendered":"DELFI VIDEO | EM-kuld Katrina Lehis: oleme leidnud toimiva lahenduse, kuid k\u00f5ike ei saa v\u00e4lja r\u00e4\u00e4kida"},"content":{"rendered":"<p>Lehise jaoks oli see teiseks individuaalseks EM-i tiitliks. Esimese v\u00f5itis ta 2018. aastal Novi Sadis. Mullusele lisaks on tal EM-ist kirjas h\u00f5bemedal. Naiskonnaga on tal EM-i h\u00f5be 2015. aastast. Lisaks on Lehis naiskonnaga Tokyo ol\u00fcmpiav\u00f5itja ja ka OM-i pronks. Eelmise aasta MM-ilt on tal ka individuaalne h\u00f5bemedal.<\/p>\n<p>Lehis on n\u00fc\u00fcd seega kerkinud individuaalselt poodiumile kolmel tiitliv\u00f5istlusel j\u00e4rjest. \u201eTema (treener Nikolai Novosjolov \u2013 M.K.) on see sepp selle taga, et vorm oleks \u00f5igel ajal selline nagu olema peab. See n\u00f5uab sellist m\u00e4ngimist. See on pidev enesetunde ja sellise \u00f5ige tasakaalu otsimine, et oleks \u00f5igel ajal \u00f5ige vorm. V\u00f5istlusgraafik on tihe ja tihedalt sellises vormis olla on tegelikult keeruline, kuna see on v\u00e4sitav. Midagi oleme aga enda jaoks avastanud, mis toimib, kuid ma ei saa ju k\u00f5ike ka v\u00e4lja r\u00e4\u00e4kida,\u201c s\u00f5nas kahekordne Euroopa meister naerdes.<\/p>\n<p>T\u00e4navusele hooajale pannakse punkt maailmameistriv\u00f5istlustel, mis peetakse 22.\u201330. juulini Hongkongis.<\/p>\n<p>Vaata videost l\u00e4hemalt, mida Lehis l\u00f5ppenud EM-i kohta r\u00e4\u00e4kis.<\/p>\n<p>Kuidas see lugu Sind end tundma pani? Saada <a href=\"https:\/\/sport.delfi.ee\/artikkel\/120592740\/delfi-video-em-kuld-katrina-lehis-oleme-leidnud-toimiva-lahenduse-kuid-koike-ei-saa-valja-raakida\/kommentaarid\" class=\"article-body-bottom__comment article-body-bottom__comment--write button button--primary button--size-auto\" rel=\"nofollow noopener\" target=\"_blank\"> Kommenteeri <\/a><a href=\"https:\/\/sport.delfi.ee\/artikkel\/120592740\/delfi-video-em-kuld-katrina-lehis-oleme-leidnud-toimiva-lahenduse-kuid-koike-ei-saa-valja-raakida\/kommentaarid\" class=\"article-body-bottom__comment article-body-bottom__comment--read button button--size-auto\" rel=\"nofollow noopener\" target=\"_blank\"> Loe kommentaare <\/a><\/p>\n","protected":false},"excerpt":{"rendered":"Lehise jaoks oli see teiseks individuaalseks EM-i tiitliks. Esimese v\u00f5itis ta 2018. aastal Novi Sadis. Mullusele lisaks on&hellip;\n","protected":false},"author":2,"featured_media":210942,"comment_status":"","ping_status":"","sticky":false,"template":"","format":"standard","meta":{"footnotes":"","_share_on_mastodon":"0"},"categories":[18],"tags":[37,33,35,34,36,6345,159,158,6344],"class_list":["post-210941","post","type-post","status-publish","format-standard","has-post-thumbnail","category-sport","tag-ee","tag-eesti","tag-eesti-keel","tag-estonia","tag-estonian","tag-katrina-lehis","tag-sport","tag-sports","tag-vehklemine"],"share_on_mastodon":{"url":"https:\/\/pubeurope.com\/@ee\/116794856953368990","error":""},"_links":{"self":[{"href":"https:\/\/www.europesays.com\/ee\/wp-json\/wp\/v2\/posts\/210941","targetHints":{"allow":["GET"]}}],"collection":[{"href":"https:\/\/www.europesays.com\/ee\/wp-json\/wp\/v2\/posts"}],"about":[{"href":"https:\/\/www.europesays.com\/ee\/wp-json\/wp\/v2\/types\/post"}],"author":[{"embeddable":true,"href":"https:\/\/www.europesays.com\/ee\/wp-json\/wp\/v2\/users\/2"}],"replies":[{"embeddable":true,"href":"https:\/\/www.europesays.com\/ee\/wp-json\/wp\/v2\/comments?post=210941"}],"version-history":[{"count":0,"href":"https:\/\/www.europesays.com\/ee\/wp-json\/wp\/v2\/posts\/210941\/revisions"}],"wp:featuredmedia":[{"embeddable":true,"href":"https:\/\/www.europesays.com\/ee\/wp-json\/wp\/v2\/media\/210942"}],"wp:attachment":[{"href":"https:\/\/www.europesays.com\/ee\/wp-json\/wp\/v2\/media?parent=210941"}],"wp:term":[{"taxonomy":"category","embeddable":true,"href":"https:\/\/www.europesays.com\/ee\/wp-json\/wp\/v2\/categories?post=210941"},{"taxonomy":"post_tag","embeddable":true,"href":"https:\/\/www.europesays.com\/ee\/wp-json\/wp\/v2\/tags?post=210941"}],"curies":[{"name":"wp","href":"https:\/\/api.w.org\/{rel}","templated":true}]}}