{"id":211160,"date":"2026-06-22T22:29:21","date_gmt":"2026-06-22T22:29:21","guid":{"rendered":"https:\/\/www.europesays.com\/ee\/211160\/"},"modified":"2026-06-22T22:29:21","modified_gmt":"2026-06-22T22:29:21","slug":"176-tapselt-nii-mitu-jaanikorvi-saab-keskmise-palga-eest","status":"publish","type":"post","link":"https:\/\/www.europesays.com\/ee\/211160\/","title":{"rendered":"17,6 \u2013\u00a0t\u00e4pselt nii mitu jaanikorvi saab keskmise palga eest"},"content":{"rendered":"<p class=\"x_MsoNormal\">\u00abJaanid on pea iga eestlase jaoks \u00fcks aasta emotsionaalsemaid p\u00fchi \u2013 sageli linnast v\u00e4ljas sugulaste v\u00f5i s\u00f5prade juures, saatjaks l\u00f5ke, grill, salatid, v\u00e4rske kraam ja muud head nii lastele kui t\u00e4iskasvanutele. Sarnaselt j\u00f5uludele ongi olulisel kohal see, mida lauale pannakse ning oma jaaniindeksiga m\u00f5\u00f5damegi seda, kui mitu \u00abtinglikku\u00bb jaanikorvi pere endale lubada saab,\u00bb \u00fctles Luminori pea\u00f6konomist Lenno Uusk\u00fcla.<\/p>\n","protected":false},"excerpt":{"rendered":"\u00abJaanid on pea iga eestlase jaoks \u00fcks aasta emotsionaalsemaid p\u00fchi \u2013 sageli linnast v\u00e4ljas sugulaste v\u00f5i s\u00f5prade juures,&hellip;\n","protected":false},"author":2,"featured_media":211161,"comment_status":"","ping_status":"","sticky":false,"template":"","format":"standard","meta":{"footnotes":"","_share_on_mastodon":"0"},"categories":[12],"tags":[3427,26,27,37,33,35,1644,34,36,31,32,21,691,2670,6678,28,29,6679,3900,19,25,1440,6681,6684,6683,23,24,22,20,6680,30,6682],"class_list":["post-211160","post","type-post","status-publish","format-standard","has-post-thumbnail","category-eesti","tag-aed","tag-breaking-news","tag-breakingnews","tag-ee","tag-eesti","tag-eesti-keel","tag-ehitus","tag-estonia","tag-estonian","tag-featured-news","tag-featurednews","tag-headlines","tag-kinnisvara","tag-kodu","tag-korter","tag-latest-news","tag-latestnews","tag-maja","tag-muuk","tag-news","tag-populaarseimad-lood","tag-remont","tag-rent","tag-sisekujundus","tag-sisustus","tag-top-stories","tag-topstories","tag-uldised-uudised","tag-uudised","tag-uur","tag-viimased-uudised","tag-viimistlus"],"share_on_mastodon":{"url":"https:\/\/pubeurope.com\/@ee\/116796126894145472","error":""},"_links":{"self":[{"href":"https:\/\/www.europesays.com\/ee\/wp-json\/wp\/v2\/posts\/211160","targetHints":{"allow":["GET"]}}],"collection":[{"href":"https:\/\/www.europesays.com\/ee\/wp-json\/wp\/v2\/posts"}],"about":[{"href":"https:\/\/www.europesays.com\/ee\/wp-json\/wp\/v2\/types\/post"}],"author":[{"embeddable":true,"href":"https:\/\/www.europesays.com\/ee\/wp-json\/wp\/v2\/users\/2"}],"replies":[{"embeddable":true,"href":"https:\/\/www.europesays.com\/ee\/wp-json\/wp\/v2\/comments?post=211160"}],"version-history":[{"count":0,"href":"https:\/\/www.europesays.com\/ee\/wp-json\/wp\/v2\/posts\/211160\/revisions"}],"wp:featuredmedia":[{"embeddable":true,"href":"https:\/\/www.europesays.com\/ee\/wp-json\/wp\/v2\/media\/211161"}],"wp:attachment":[{"href":"https:\/\/www.europesays.com\/ee\/wp-json\/wp\/v2\/media?parent=211160"}],"wp:term":[{"taxonomy":"category","embeddable":true,"href":"https:\/\/www.europesays.com\/ee\/wp-json\/wp\/v2\/categories?post=211160"},{"taxonomy":"post_tag","embeddable":true,"href":"https:\/\/www.europesays.com\/ee\/wp-json\/wp\/v2\/tags?post=211160"}],"curies":[{"name":"wp","href":"https:\/\/api.w.org\/{rel}","templated":true}]}}