{"id":211168,"date":"2026-06-22T23:00:26","date_gmt":"2026-06-22T23:00:26","guid":{"rendered":"https:\/\/www.europesays.com\/ee\/211168\/"},"modified":"2026-06-22T23:00:26","modified_gmt":"2026-06-22T23:00:26","slug":"aikesetorm-hakkab-jalgpalli-mm-i-segama-esmamuljed-kohapealt-ja-soosikutest-on-raske-pilti-ette-saada","status":"publish","type":"post","link":"https:\/\/www.europesays.com\/ee\/211168\/","title":{"rendered":"\u00c4ikesetorm hakkab jalgpalli MM-i segama, esmamuljed kohapealt ja soosikutest on raske pilti ette saada"},"content":{"rendered":"<p>V\u00f5rreldes tavap\u00e4rasega oli saade veidike teises formaadis, kuna saatejuht Kaljurand liitus sel korral kolmikuga New Yorgist, kus ta peaks t\u00e4na k\u00fclastama Norra \u2013 Senegali kohtumist. Just sellest m\u00e4ngust on aga ilmateate p\u00f5hjal saamas sel MM-il esimene, mille toimumine saab \u00e4ikesetormist m\u00f5jutatud.<\/p>\n<p>Edasi sai arutletud vahepeal teise alagrupim\u00e4ngu pidanud Hispaania, Saksamaa, Hollandi, Belgia, Brasiilia ja USA koondiste v\u00f5imaluste \u00fcle. Ilmselt raalisime v\u00e4lja ka selle finaalturniiri k\u00f5ige kehvema koondise v\u00f5i hoopis alaliidu.<\/p>\n<p>Saate l\u00f5petuseks sai pilk heidetud ka Premium liigale, kus Paide Linnameeskond alistas n\u00e4dalavahetusel FC Flora 2:1 ning FCI Levadia ja N\u00f5mme Kalju tegid 1:1 viigi. Kiidame heaks ka Eesti seksikaimaks naiseks valitud An-Marleni j\u00f5udmise Tartu Tammeka kodum\u00e4ngule.<\/p>\n<p>Kuidas see lugu Sind end tundma pani? Saada <a href=\"https:\/\/sport.delfi.ee\/artikkel\/120592716\/aikesetorm-hakkab-jalgpalli-mm-i-segama-mitmest-soosikust-ei-saa-ikka-veel-taielikku-pilti-ette\/kommentaarid\" class=\"article-body-bottom__comment article-body-bottom__comment--write button button--primary button--size-auto\" rel=\"nofollow noopener\" target=\"_blank\"> Kommenteeri <\/a><a href=\"https:\/\/sport.delfi.ee\/artikkel\/120592716\/aikesetorm-hakkab-jalgpalli-mm-i-segama-mitmest-soosikust-ei-saa-ikka-veel-taielikku-pilti-ette\/kommentaarid\" class=\"article-body-bottom__comment article-body-bottom__comment--read button button--size-auto\" rel=\"nofollow noopener\" target=\"_blank\"> Loe kommentaare <\/a><\/p>\n","protected":false},"excerpt":{"rendered":"V\u00f5rreldes tavap\u00e4rasega oli saade veidike teises formaadis, kuna saatejuht Kaljurand liitus sel korral kolmikuga New Yorgist, kus ta&hellip;\n","protected":false},"author":2,"featured_media":193814,"comment_status":"","ping_status":"","sticky":false,"template":"","format":"standard","meta":{"footnotes":"","_share_on_mastodon":"0"},"categories":[18],"tags":[27159,86326,37,33,35,39425,34,36,38522,159,158],"class_list":["post-211168","post","type-post","status-publish","format-standard","has-post-thumbnail","category-sport","tag-andres-oper","tag-delfi-jalgpallistuudio","tag-ee","tag-eesti","tag-eesti-keel","tag-eigo-kaljurand","tag-estonia","tag-estonian","tag-madis-kalvet","tag-sport","tag-sports"],"share_on_mastodon":{"url":"https:\/\/pubeurope.com\/@ee\/116796248902995876","error":""},"_links":{"self":[{"href":"https:\/\/www.europesays.com\/ee\/wp-json\/wp\/v2\/posts\/211168","targetHints":{"allow":["GET"]}}],"collection":[{"href":"https:\/\/www.europesays.com\/ee\/wp-json\/wp\/v2\/posts"}],"about":[{"href":"https:\/\/www.europesays.com\/ee\/wp-json\/wp\/v2\/types\/post"}],"author":[{"embeddable":true,"href":"https:\/\/www.europesays.com\/ee\/wp-json\/wp\/v2\/users\/2"}],"replies":[{"embeddable":true,"href":"https:\/\/www.europesays.com\/ee\/wp-json\/wp\/v2\/comments?post=211168"}],"version-history":[{"count":0,"href":"https:\/\/www.europesays.com\/ee\/wp-json\/wp\/v2\/posts\/211168\/revisions"}],"wp:featuredmedia":[{"embeddable":true,"href":"https:\/\/www.europesays.com\/ee\/wp-json\/wp\/v2\/media\/193814"}],"wp:attachment":[{"href":"https:\/\/www.europesays.com\/ee\/wp-json\/wp\/v2\/media?parent=211168"}],"wp:term":[{"taxonomy":"category","embeddable":true,"href":"https:\/\/www.europesays.com\/ee\/wp-json\/wp\/v2\/categories?post=211168"},{"taxonomy":"post_tag","embeddable":true,"href":"https:\/\/www.europesays.com\/ee\/wp-json\/wp\/v2\/tags?post=211168"}],"curies":[{"name":"wp","href":"https:\/\/api.w.org\/{rel}","templated":true}]}}