{"id":211212,"date":"2026-06-23T03:26:11","date_gmt":"2026-06-23T03:26:11","guid":{"rendered":"https:\/\/www.europesays.com\/ee\/211212\/"},"modified":"2026-06-23T03:26:11","modified_gmt":"2026-06-23T03:26:11","slug":"areng-uleminekudraamas-alvarez-teatas-et-tahab-atleticost-lahkuda-soccernet-ee","status":"publish","type":"post","link":"https:\/\/www.europesays.com\/ee\/211212\/","title":{"rendered":"Areng \u00fcleminekudraamas: Alvarez teatas, et tahab Atleticost lahkuda &#8211; Soccernet.ee"},"content":{"rendered":"<p><img decoding=\"async\" src=\"https:\/\/www.europesays.com\/ee\/wp-content\/uploads\/2026\/06\/1782171076.jpg\" alt=\"Julian Alvarez avas suu oma tuleviku osas. Foto: Scanpix \/ Jeffrey McWhorter \/ EPA\"\/>&#13;\n<\/p>\n<p>Atletico Madridi ja Argentina r\u00fcndaja Julian Alvarez avaldas p\u00e4rast esmasp\u00e4evast MM-kohtumist Austria vastu, et ta soovib k\u00e4imasoleval suvel praeguse koduklubiga h\u00fcvasti j\u00e4tta.<\/p>\n<p>26-aastase argentinlase \u00fcleminekusaaga algas MM-i eel, kui Atletico r\u00fcndajale tegid ametliku pakkumise m\u00f5lemad liigarivaalid Barcelona ja Real Madrid. Atletico l\u00fckkas vastavalt 100 ja 150 miljoni euro suurused summad tagasi ning tegi konkreetsed avaldused, andmaks m\u00f5ista, et Alvarez lahkub klubist vaid juhul, kui keegi k\u00e4ivitab tema 500 miljoni euro suuruse v\u00e4ljaostuklausli.&#13;\n<\/p>\n<p>MM-finaalturniiri algusega j\u00f5udis arutelu Alvarezi tuleviku \u00fcle vaibuda, kuid n\u00fc\u00fcd puhus mees sellele ise taas elu sisse. R\u00fcndaja andis p\u00e4rast m\u00e4ngu intervjuu Argentina ESPN-ile, kus teatas, et tema soov on suvel leida uus koduklubi.&#13;\n<\/p>\n<p>&#8220;Arvan, et praegu pole parim aeg, et sellest r\u00e4\u00e4kida, aga ma ei saa ka varjata ega teeselda. \u00dcritan olla aus inimene ja r\u00e4\u00e4kisin klubis vajalike inimestega. \u00dcleminek on k\u00f5igile parim lahendus ja soovin t\u00e4ita oma unistuse,&#8221; \u00fctles Alvarez Argentina ajakirjanikule.<\/p>\n<blockquote class=\"twitter-tweet\"><p>&#13;<\/p>\n<p lang=\"en\" dir=\"ltr\">&#8220;I think the best thing for everyone is a transfer.&#8221;<\/p>\n<p>Juli\u00e1n Alvarez publicly says he wants to leave Atl\u00e9tico Madrid \ud83d\udea8 <a href=\"https:\/\/t.co\/YLTibWzAe7\" rel=\"nofollow\">pic.twitter.com\/YLTibWzAe7<\/a>&#13;<br \/>\n\u2014 ESPN FC (@ESPNFC) <a href=\"https:\/\/x.com\/ESPNFC\/status\/2069180663786357056?ref_src=twsrc%5Etfw\" rel=\"nofollow\">June 22, 2026<\/a><\/p>\n<\/blockquote>\n<p>Lisaks Barcelonale ja Real Madridile on argentinlasest v\u00e4idetavalt huvitatud ka valitsev Inglismaa meister Londoni Arsenal ning kahekordne Euroopa meister PSG. Alvarez liitus Atleticoga kaks suve tagasi Manchester Cityst 95 miljoni euro eest.<\/p>\n<p><script async src=\"https:\/\/platform.twitter.com\/widgets.js\" charset=\"utf-8\"><\/script><\/p>\n","protected":false},"excerpt":{"rendered":"&#13; Atletico Madridi ja Argentina r\u00fcndaja Julian Alvarez avaldas p\u00e4rast esmasp\u00e4evast MM-kohtumist Austria vastu, et ta soovib k\u00e4imasoleval&hellip;\n","protected":false},"author":2,"featured_media":211213,"comment_status":"","ping_status":"","sticky":false,"template":"","format":"standard","meta":{"footnotes":"","_share_on_mastodon":"0"},"categories":[18],"tags":[1610,1740,1741,37,33,35,86415,34,36,1745,2528,609,159,158],"class_list":["post-211212","post","type-post","status-publish","format-standard","has-post-thumbnail","category-sport","tag-arsenal","tag-atletico-madrid","tag-barcelona","tag-ee","tag-eesti","tag-eesti-keel","tag-espn-argentina","tag-estonia","tag-estonian","tag-julian-alvarez","tag-psg","tag-real-madrid","tag-sport","tag-sports"],"share_on_mastodon":{"url":"https:\/\/pubeurope.com\/@ee\/116797294906356081","error":""},"_links":{"self":[{"href":"https:\/\/www.europesays.com\/ee\/wp-json\/wp\/v2\/posts\/211212","targetHints":{"allow":["GET"]}}],"collection":[{"href":"https:\/\/www.europesays.com\/ee\/wp-json\/wp\/v2\/posts"}],"about":[{"href":"https:\/\/www.europesays.com\/ee\/wp-json\/wp\/v2\/types\/post"}],"author":[{"embeddable":true,"href":"https:\/\/www.europesays.com\/ee\/wp-json\/wp\/v2\/users\/2"}],"replies":[{"embeddable":true,"href":"https:\/\/www.europesays.com\/ee\/wp-json\/wp\/v2\/comments?post=211212"}],"version-history":[{"count":0,"href":"https:\/\/www.europesays.com\/ee\/wp-json\/wp\/v2\/posts\/211212\/revisions"}],"wp:featuredmedia":[{"embeddable":true,"href":"https:\/\/www.europesays.com\/ee\/wp-json\/wp\/v2\/media\/211213"}],"wp:attachment":[{"href":"https:\/\/www.europesays.com\/ee\/wp-json\/wp\/v2\/media?parent=211212"}],"wp:term":[{"taxonomy":"category","embeddable":true,"href":"https:\/\/www.europesays.com\/ee\/wp-json\/wp\/v2\/categories?post=211212"},{"taxonomy":"post_tag","embeddable":true,"href":"https:\/\/www.europesays.com\/ee\/wp-json\/wp\/v2\/tags?post=211212"}],"curies":[{"name":"wp","href":"https:\/\/api.w.org\/{rel}","templated":true}]}}