{"id":211222,"date":"2026-06-23T03:58:08","date_gmt":"2026-06-23T03:58:08","guid":{"rendered":"https:\/\/www.europesays.com\/ee\/211222\/"},"modified":"2026-06-23T03:58:08","modified_gmt":"2026-06-23T03:58:08","slug":"edasi-29-kaanepildi-autor-juss-piho-impulss-tekib-spontaanselt-edasi","status":"publish","type":"post","link":"https:\/\/www.europesays.com\/ee\/211222\/","title":{"rendered":"Edasi #29 kaanepildi autor Juss Piho: impulss tekib spontaanselt \u2013 Edasi"},"content":{"rendered":"<p class=\"intro\">Edasi suvenumbri kaanel on tunnustatud maalikunstniku Juss Piho teos \u201cSamm\u201d. Autori s\u00f5nul eelistabki ta m\u00f5tteid arendada maalides, mitte kirjas, ja laseb teostel k\u00f5nelda enda eest.<\/p>\n<p>Meie <a href=\"https:\/\/edasi.org\/276325\/ajakirja-29-tutvustus-mida-suvega-peale-hakata\/\" target=\"_blank\" rel=\"noopener nofollow\">suvenumbri<\/a> juhtm\u00f5te on kultuur. Mis on kultuur teie jaoks, kuidas seda m\u00f5testate?<\/p>\n<p>Professionaalselt esitletud teos, kunst, muusika, teater, kino ja teadmised.<\/p>\n<p>Esikaanel on \u00fcks teie varasem teos. Mis on selle pildi lugu, millest l\u00e4htusite, mis oli impulss?<\/p>\n<p>Impulss tekib spontaanselt. L\u00f5pptulemus, mis \u00fchest v\u00f5i teisest maalist v\u00f5ib saada, ei ole alati kohe tajutav oma peas.<\/p>\n<p>Olete \u00f6elnud, et pildi tegelik t\u00e4hendus s\u00fcnnib alles vaataja peas, et teie maalid j\u00e4tavad ruumi t\u00f5lgendusteks. Mida kunstnik tunneb, kui teos hakkab vaatajate peas elama oma elu ja seda ei m\u00f5isteta n-\u00f6 \u00f5igesti?<\/p>\n<p>See on hea tunne, inimesed t\u00f5lgendavad \u00fchte ja sama maali vahel v\u00e4ga erinevalt.<\/p>\n<p>Kui vaatate oma erialast v\u00e4ljapoole, siis milline kultuurivaldkond on k\u00f5ige s\u00fcdamel\u00e4hedasem? Milline oli viimatine kultuurielamus?<\/p>\n<p>Muusika, eriti just klassika ja moodne klassika. Viimane kontserdielamus, mis j\u00e4\u00e4b kauaks meelde, oli Peteris Vasksi juubelikontsert T\u00f5nu Kaljuste juhatusel.<\/p>\n<p>Kui oleks teie otsustada, siis mida ja miks v\u00f5iks teha Eestis teistmoodi, et muuta meie elu paremaks?<\/p>\n<p>Tasakaalustatumat meediat.<\/p>\n<p>Juss Piho: \u201cMulle meeldivad l\u00fchikesed ja konkreetsed vastused. Arendan oma m\u00f5tteid maalides, mitte kirjas.\u201d<\/p>\n<p style=\"text-align: center;\">***<\/p>\n<p>Pilt on vaikne<\/p>\n<p>Juss Piho maalid on vaiksed. Kuid mitte vait. R\u00e4\u00e4kimine k\u00e4ib neil t\u00e4ie hooga. Igale figuurile v\u00f5iks mulli suu ette joonistada, kuid siis oleks see karikatuur.<\/p>\n<p>Lapsed sooviksid iga Piho pildi k\u00f5rval n\u00e4ha v\u00e4ikest punast nuppu, kuhu vajutades v\u00f5iksid kosta h\u00e4\u00e4led, mida pildinukud omavahel r\u00e4\u00e4givad. Sest r\u00e4\u00e4kima hakkamas nad ju on. Sellest, et nad seda tahavad, r\u00e4\u00e4givad nende kehad. Kas saab siis mitte vaiki olla, kui su \u00fcks jalg on teise taha kinni j\u00e4\u00e4nud ja sa tahad teise tuppa minna, kus on keegi, kellega saad r\u00e4\u00e4kida v\u00f5i oled juba r\u00e4\u00e4kinud, kuid see pole nii l\u00e4inud, kui soovisid, ja sa tahad n\u00fc\u00fcd uuesti proovida, aga see on veidi-veidi valus ja n\u00f5uab pingutust igalt musklilt ja n\u00e4rvirakult.<\/p>\n<p>\/\u2014\/<\/p>\n<p>\u017destid Piho piltidel \u2013 k\u00e4te asend, keha ebaharilikud asendid, mees linnu seljas, k\u00e4ed linnu kaela \u00fcmber krampis jpm \u2013 tuletavad meelde Kafka \u017eeste, aga kui Kafkal on need enamjaolt mehaanilised, ei seostu karakteriga, siis Pihol seda ette ei tule. Kondid v\u00f5ivad olla murtud, kuid v\u00e4givallatult, inimomaselt.<\/p>\n<p>Ka v\u00e4rvid on Pihol vaiksed. M\u00e4rkamatult l\u00e4heb \u00fcks v\u00e4rv teiseks \u00fcle, pole lappi, mis oleks \u00fcksainus, tugev, v\u00f5itev v\u00e4givaldne v\u00e4rv v\u00f5i \u201csurmaeelne\u201d pintslit\u00f5mme. Kusagil pole m\u00e4rgata joone ja v\u00e4rvi v\u00f5itlust. Ometi on selge, kust k\u00f5ik tuleb: tulest, leegist. Tuli on Pihol t\u00e4htis tegelane. Tihti ta ennast ei n\u00e4ita. On hall kardinal. V\u00f5ib olla p\u00f5\u00f5sas nagu Moosesel, v\u00f5ib olla igal pool, kus on pilt, naise kleidis, k\u00e4es v\u00f5i varruka vahel, peas v\u00f5i k\u00e4te vahel v\u00f5i siis s\u00fcles. (Too viimane on mu lemmik.) Kuigi teda tihti ei n\u00e4idata, on ta Zeus, kes on suhtes k\u00f5igi oma alamatega, sekundaarsete v\u00e4rvide, armukestega.<\/p>\n<p>Katkend Toomas Raudami arvustusest <a href=\"https:\/\/www.sirp.ee\/pilt-on-vaikne\/\" target=\"_blank\" rel=\"noopener nofollow\">Sirbis<\/a> Juss Piho n\u00e4itusele, mis toimus 2022. aasta veebruaris Haus Galeriis.<\/p>\n","protected":false},"excerpt":{"rendered":"Edasi suvenumbri kaanel on tunnustatud maalikunstniku Juss Piho teos \u201cSamm\u201d. Autori s\u00f5nul eelistabki ta m\u00f5tteid arendada maalides, mitte&hellip;\n","protected":false},"author":2,"featured_media":211223,"comment_status":"","ping_status":"","sticky":false,"template":"","format":"standard","meta":{"footnotes":"","_share_on_mastodon":"0"},"categories":[16],"tags":[424,37,33,35,173,34,36,6533,1426,190,8527,191,140,5396,144,177],"class_list":["post-211222","post","type-post","status-publish","format-standard","has-post-thumbnail","category-meelelahutus","tag-edasi","tag-ee","tag-eesti","tag-eesti-keel","tag-entertainment","tag-estonia","tag-estonian","tag-kaanepilt","tag-kino","tag-kunst","tag-looming","tag-maal","tag-meelelahutus","tag-mood","tag-muusika","tag-teater"],"share_on_mastodon":{"url":"https:\/\/pubeurope.com\/@ee\/116797420682899208","error":""},"_links":{"self":[{"href":"https:\/\/www.europesays.com\/ee\/wp-json\/wp\/v2\/posts\/211222","targetHints":{"allow":["GET"]}}],"collection":[{"href":"https:\/\/www.europesays.com\/ee\/wp-json\/wp\/v2\/posts"}],"about":[{"href":"https:\/\/www.europesays.com\/ee\/wp-json\/wp\/v2\/types\/post"}],"author":[{"embeddable":true,"href":"https:\/\/www.europesays.com\/ee\/wp-json\/wp\/v2\/users\/2"}],"replies":[{"embeddable":true,"href":"https:\/\/www.europesays.com\/ee\/wp-json\/wp\/v2\/comments?post=211222"}],"version-history":[{"count":0,"href":"https:\/\/www.europesays.com\/ee\/wp-json\/wp\/v2\/posts\/211222\/revisions"}],"wp:featuredmedia":[{"embeddable":true,"href":"https:\/\/www.europesays.com\/ee\/wp-json\/wp\/v2\/media\/211223"}],"wp:attachment":[{"href":"https:\/\/www.europesays.com\/ee\/wp-json\/wp\/v2\/media?parent=211222"}],"wp:term":[{"taxonomy":"category","embeddable":true,"href":"https:\/\/www.europesays.com\/ee\/wp-json\/wp\/v2\/categories?post=211222"},{"taxonomy":"post_tag","embeddable":true,"href":"https:\/\/www.europesays.com\/ee\/wp-json\/wp\/v2\/tags?post=211222"}],"curies":[{"name":"wp","href":"https:\/\/api.w.org\/{rel}","templated":true}]}}