{"id":211271,"date":"2026-06-23T06:17:10","date_gmt":"2026-06-23T06:17:10","guid":{"rendered":"https:\/\/www.europesays.com\/ee\/211271\/"},"modified":"2026-06-23T06:17:10","modified_gmt":"2026-06-23T06:17:10","slug":"pommikahtluste-arv-eestis-kasvab-eesti","status":"publish","type":"post","link":"https:\/\/www.europesays.com\/ee\/211271\/","title":{"rendered":"Pommikahtluste arv Eestis kasvab | Eesti"},"content":{"rendered":"<p>Pommikahtluste arv kasvab ning omanikuta j\u00e4etud esemete kontrollimine n\u00f5uab p\u00e4\u00e4stjatelt ja politseilt palju ressurssi<\/p>\n<p>Politsei- ja piirivalveameti (PPA) teatel registreeriti Eestis kahel eelmisel aastal \u00fcle saja pommikahtlusega seotud v\u00e4ljakutset. T\u00e4navu esimese viie kuuga on selliseid juhtmeid olnud juba 83.\u00a0<\/p>\n<p>Paljud juhtumid saavad alguse lihtsalt avalikku ruumi j\u00e4etud esemetest.<\/p>\n<p>Tallinna kesklinnas tekitas eelmisel n\u00e4dalal pommikahtluse bussipeatusesse j\u00e4etud omanikuta kohver. Ohtu ei leitud. Politsei andmetel tuvastasid demineerijad, et bussipeatusesse j\u00e4etud kohvris olid vaid riided.\u00a0<\/p>\n<p>Siiski \u00fctles L\u00e4\u00e4ne-Harju politseijaoskonna patrulltalituse juht Lennart Kams, et iga sellist teadet tuleb v\u00f5tta t\u00f5siselt.<\/p>\n<p>&#8220;Julgustame inimesi kahtlastest omanikuta j\u00e4etud kottidest ja kohvritest teavitama. Sellisel juhul saavad patrullpolitseinikud ja p\u00e4\u00e4steameti demineerijad kiiresti s\u00fcndmuskohale reageerida, vajadusel liikluse sulgeda, perimeetri luua ning v\u00f5imalikku ohtu kontrollida,&#8221; m\u00e4rkis Kams.<\/p>\n<p>&#8220;Sellised olukorrad n\u00f5uavad m\u00e4rkimisv\u00e4\u00e4rset ressurssi nii politseilt kui ka p\u00e4\u00e4steametilt, mist\u00f5ttu palume k\u00f5igil oma asjadel hoolikalt silma peal hoida. \u00c4rge j\u00e4tke oma kotti v\u00f5i kohvrit j\u00e4relevalveta. Suurema pr\u00fcgi palume viia j\u00e4\u00e4tmejaama, mitte avalikus ruumis oleva pr\u00fcgikasti k\u00f5rvale,&#8221; r\u00f5hutas .<\/p>\n<p>Ohutuse tagamiseks tehtud piirangud m\u00f5jutavad sageli ka liiklust ning \u00fchistranspordi liikumist.<\/p>\n<p>&#8220;K\u00f5ik sellised tavap\u00e4rasest erinevad s\u00fcndmused m\u00f5jutavad \u00fchistransporti,&#8221; \u00fctles Tallinna Linnatranspordi juhatuse liige Kaido Padar. &#8220;Kui politsei v\u00f5i p\u00e4\u00e4ste on tee sulgenud, m\u00f5jutab see ka meie liiklust. Oleme j\u00f5ustruktuuridega kokku leppinud, et v\u00f5imalusel lastakse \u00fchistransport l\u00e4bi ning suuremate juhtumite korral teavitatakse meie juhtimiskeskust. Vajadusel saame s\u00f5iduki liinilt maha v\u00f5tta, et inimesed ei peaks v\u00e4litingimustes ootama.&#8221;<\/p>\n<p>Padari s\u00f5nul on sellistes olukordades s\u00f5idukijuhtide peamine \u00fclesanne tagada reisijate turvalisus.<\/p>\n<p>&#8220;Trammijuhi kohustus on peatada s\u00f5iduk ohutus kohas, avada uksed ja lasta inimesed v\u00e4lja. Tihti ei tea ka juht ise kohe, kui kaua seisak kestab v\u00f5i mis t\u00e4pselt juhtunud on. Tema peamine \u00fclesanne on tagada reisijate ja s\u00f5iduki ohutus,&#8221; lausus Padar.<\/p>\n","protected":false},"excerpt":{"rendered":"Pommikahtluste arv kasvab ning omanikuta j\u00e4etud esemete kontrollimine n\u00f5uab p\u00e4\u00e4stjatelt ja politseilt palju ressurssi Politsei- ja piirivalveameti (PPA)&hellip;\n","protected":false},"author":2,"featured_media":211272,"comment_status":"","ping_status":"","sticky":false,"template":"","format":"standard","meta":{"footnotes":"","_share_on_mastodon":"0"},"categories":[12],"tags":[26,27,13661,37,33,35,34,36,31,32,21,28,29,19,86422,612,86421,25,23,24,22,20,30],"class_list":["post-211271","post","type-post","status-publish","format-standard","has-post-thumbnail","category-eesti","tag-breaking-news","tag-breakingnews","tag-demineerija","tag-ee","tag-eesti","tag-eesti-keel","tag-estonia","tag-estonian","tag-featured-news","tag-featurednews","tag-headlines","tag-latest-news","tag-latestnews","tag-news","tag-paastja","tag-pomm","tag-pommikahtlus","tag-populaarseimad-lood","tag-top-stories","tag-topstories","tag-uldised-uudised","tag-uudised","tag-viimased-uudised"],"share_on_mastodon":{"url":"https:\/\/pubeurope.com\/@ee\/116797967247990977","error":""},"_links":{"self":[{"href":"https:\/\/www.europesays.com\/ee\/wp-json\/wp\/v2\/posts\/211271","targetHints":{"allow":["GET"]}}],"collection":[{"href":"https:\/\/www.europesays.com\/ee\/wp-json\/wp\/v2\/posts"}],"about":[{"href":"https:\/\/www.europesays.com\/ee\/wp-json\/wp\/v2\/types\/post"}],"author":[{"embeddable":true,"href":"https:\/\/www.europesays.com\/ee\/wp-json\/wp\/v2\/users\/2"}],"replies":[{"embeddable":true,"href":"https:\/\/www.europesays.com\/ee\/wp-json\/wp\/v2\/comments?post=211271"}],"version-history":[{"count":0,"href":"https:\/\/www.europesays.com\/ee\/wp-json\/wp\/v2\/posts\/211271\/revisions"}],"wp:featuredmedia":[{"embeddable":true,"href":"https:\/\/www.europesays.com\/ee\/wp-json\/wp\/v2\/media\/211272"}],"wp:attachment":[{"href":"https:\/\/www.europesays.com\/ee\/wp-json\/wp\/v2\/media?parent=211271"}],"wp:term":[{"taxonomy":"category","embeddable":true,"href":"https:\/\/www.europesays.com\/ee\/wp-json\/wp\/v2\/categories?post=211271"},{"taxonomy":"post_tag","embeddable":true,"href":"https:\/\/www.europesays.com\/ee\/wp-json\/wp\/v2\/tags?post=211271"}],"curies":[{"name":"wp","href":"https:\/\/api.w.org\/{rel}","templated":true}]}}