{"id":211347,"date":"2026-06-23T08:04:10","date_gmt":"2026-06-23T08:04:10","guid":{"rendered":"https:\/\/www.europesays.com\/ee\/211347\/"},"modified":"2026-06-23T08:04:10","modified_gmt":"2026-06-23T08:04:10","slug":"horoskoop-%e2%9f%a9-puhkepaevad-vaikeste-roomude-lainel","status":"publish","type":"post","link":"https:\/\/www.europesays.com\/ee\/211347\/","title":{"rendered":"HOROSKOOP \u27e9 Puhkep\u00e4evad v\u00e4ikeste r\u00f5\u00f5mude lainel"},"content":{"rendered":"<p>J\u00e4\u00e4r<br \/>Puhkep\u00e4evad algavad sul hoogsalt. Tahaks korraga nii muru niita, s\u00f5pru k\u00fclastada kui ka mere \u00e4\u00e4rde j\u00f5uda, aga k\u00f5ike ei pea \u00fche p\u00e4evaga \u00e4ra tegema. J\u00e4ta \u00fcks tund lihtsalt logelemiseks \u2013 see v\u00f5ib osutuda n\u00e4dalavahetuse parimaks osaks.<\/p>\n<p>S\u00f5nn<br \/>Kodu t\u00f5mbab sind seekord rohkem kui suured seiklused. Hea toit, rahulik kohvitass ja tuttavad inimesed m\u00f5juvad paremini kui \u00fckski uhke plaan. Kui midagi pooleli on, tee see \u00e4ra enne, kui diivan su l\u00f5plikult enda v\u00f5imusse v\u00f5tab.<\/p>\n<p>Kaksikud<br \/>Telefon piiksub, kutsed tulevad ja juttu j\u00e4tkub igale poole. \u00c4ra siiski lase end igast suunast kaasa t\u00f5mmata. \u00dcks hea vestlus kaalub \u00fcles viis pealiskaudset kohtumist.<\/p>\n<p>V\u00e4hk<br \/>Tahaksid, et k\u00f5ik oleks m\u00f5nus ja rahulik, aga keegi v\u00f5ib sinu plaane veidi \u00fcmber t\u00f5sta. V\u00f5ta seda kui v\u00e4ikest vaheldust, mitte isiklikku solvangut. P\u00e4eva l\u00f5puks selgub, et improviseerimine polnudki nii halb m\u00f5te.<\/p>\n<p>L\u00f5vi<br \/>Puhkep\u00e4evad toovad sulle t\u00e4helepanu isegi siis, kui sa seda otseselt ei otsi. M\u00f5ni kompliment teeb tuju heaks, aga \u00e4ra hakka selle najal maailma vallutama. Vahel piisab t\u00e4iesti sellest, et olla lihtsalt heas seltskonnas.<\/p>\n<p>Neitsi<br \/>Sul tekib tahtmine midagi korda teha, parandada v\u00f5i \u00fcmber t\u00f5sta. See on tore, aga \u00e4ra muuda n\u00e4dalavahetust t\u00f6\u00f6laagriks. Tolmurull ei jookse eest \u00e4ra, aga ilus ilm v\u00f5ib k\u00fcll.<\/p>\n<p>Kaalud<br \/>Keegi ootab sinult vastust v\u00f5i otsust, mida oled veidi edasi l\u00fckanud. N\u00fc\u00fcd on hea aeg see asi \u00e4ra l\u00f5petada ja rahuliku s\u00fcdamega edasi minna. \u00dclej\u00e4\u00e4nud n\u00e4dalavahetus kulgeb m\u00e4rksa kergemalt.<\/p>\n","protected":false},"excerpt":{"rendered":"J\u00e4\u00e4rPuhkep\u00e4evad algavad sul hoogsalt. Tahaks korraga nii muru niita, s\u00f5pru k\u00fclastada kui ka mere \u00e4\u00e4rde j\u00f5uda, aga k\u00f5ike&hellip;\n","protected":false},"author":2,"featured_media":199149,"comment_status":"","ping_status":"","sticky":false,"template":"","format":"standard","meta":{"footnotes":"","_share_on_mastodon":"0"},"categories":[16],"tags":[19497,37,33,35,173,34,36,19493,19496,9135,6558,9138,19494,140,19495,86449,9137,9136,4194,9139],"class_list":["post-211347","post","type-post","status-publish","format-standard","has-post-thumbnail","category-meelelahutus","tag-ambur","tag-ee","tag-eesti","tag-eesti-keel","tag-entertainment","tag-estonia","tag-estonian","tag-jaar","tag-kaalud","tag-kaksikud","tag-kalad","tag-kaljukits","tag-lovi","tag-meelelahutus","tag-neitsi","tag-puhkepaevad-vaikeste-roomude-lainel","tag-skorpion","tag-sonn","tag-vahk","tag-veevalaja"],"share_on_mastodon":{"url":"https:\/\/pubeurope.com\/@ee\/116798388057980672","error":""},"_links":{"self":[{"href":"https:\/\/www.europesays.com\/ee\/wp-json\/wp\/v2\/posts\/211347","targetHints":{"allow":["GET"]}}],"collection":[{"href":"https:\/\/www.europesays.com\/ee\/wp-json\/wp\/v2\/posts"}],"about":[{"href":"https:\/\/www.europesays.com\/ee\/wp-json\/wp\/v2\/types\/post"}],"author":[{"embeddable":true,"href":"https:\/\/www.europesays.com\/ee\/wp-json\/wp\/v2\/users\/2"}],"replies":[{"embeddable":true,"href":"https:\/\/www.europesays.com\/ee\/wp-json\/wp\/v2\/comments?post=211347"}],"version-history":[{"count":0,"href":"https:\/\/www.europesays.com\/ee\/wp-json\/wp\/v2\/posts\/211347\/revisions"}],"wp:featuredmedia":[{"embeddable":true,"href":"https:\/\/www.europesays.com\/ee\/wp-json\/wp\/v2\/media\/199149"}],"wp:attachment":[{"href":"https:\/\/www.europesays.com\/ee\/wp-json\/wp\/v2\/media?parent=211347"}],"wp:term":[{"taxonomy":"category","embeddable":true,"href":"https:\/\/www.europesays.com\/ee\/wp-json\/wp\/v2\/categories?post=211347"},{"taxonomy":"post_tag","embeddable":true,"href":"https:\/\/www.europesays.com\/ee\/wp-json\/wp\/v2\/tags?post=211347"}],"curies":[{"name":"wp","href":"https:\/\/api.w.org\/{rel}","templated":true}]}}