{"id":211358,"date":"2026-06-23T08:18:07","date_gmt":"2026-06-23T08:18:07","guid":{"rendered":"https:\/\/www.europesays.com\/ee\/211358\/"},"modified":"2026-06-23T08:18:07","modified_gmt":"2026-06-23T08:18:07","slug":"kertsi-sild-oli-drooniohu-tottu-oo-labi-suletud-moskvas-ja-teistes-regioonides-anti-raketihoiatus","status":"publish","type":"post","link":"https:\/\/www.europesays.com\/ee\/211358\/","title":{"rendered":"Kert\u0161i sild oli drooniohu t\u00f5ttu \u00f6\u00f6 l\u00e4bi suletud, Moskvas ja teistes regioonides anti raketihoiatus"},"content":{"rendered":"<p>Hommikustel andmetel olid droonil\u00f6\u00f6gid tabanud TES-Terminali laokompleksi Kert\u0161i sadamas, mida on r\u00fcnnatud ka varem. Sovetski rajoonis s\u00fcttis p\u00f5lema elektri alajaam ning Simferopolis ja Sovetski rajoonis teatati ajutistest elektrikatkestusest.<\/p>\n<p>Hommikul peale kella 10 anti raketihoiatus v\u00e4lja Moskva oblastis. Elanikel soovitati j\u00e4\u00e4da siseruumidesse v\u00f5i leida varjend. Samasuguseid hoiatusi levitati teistes l\u00e4\u00e4nepoolsetes regioonides. Hommikul teatati raketitabamusest <a rel=\"noopener nofollow\" target=\"_blank\" href=\"https:\/\/www.delfi.ee\/teema\/66020916\/belgorod\" tag-id=\"66020916\">Belgorodi<\/a> oblastis Aleksejevkas.<\/p>\n<p>Eelmisel p\u00e4eval toimunud Vorone\u017ei raketir\u00fcnnakus elektroonikatehasele hukkus ametlikel andmetel v\u00e4hemalt viis inimest. Tehases valmistati raketis\u00fcsteemide komponente. Kohapeal j\u00e4\u00e4dvustatud videomaterjalis n\u00e4eb kolme raketitabamust.<\/p>\n<p class=\"western\">Kert\u0161i v\u00e4ina \u00fcletav sild oli \u00f6\u00f6 l\u00e4bi liikluseks suletud. Ka enne seda oli l\u00e4bip\u00e4\u00e4s tugevalt aeglustunud, kuna k\u00f5ik sillale suunduvd s\u00f5idukid otsitakse l\u00f5hkekehade hirmus p\u00f5hjalikult l\u00e4bi.<\/p>\n<p>\u00dchendus Krimski Viter teatab satelliidiandmetele tuginedes, et 21. juunil pommitatud Kert\u0161i naftaterminal p\u00f5leb endiselt. P\u00f5lenguj\u00e4lgi on n\u00e4ha ka Kert\u0161i v\u00e4ina l\u00e4histel Baherove k\u00fclas, kus asuvad \u00f5hut\u00f5rjes\u00fcsteemid S-300 ja S-400.<\/p>\n<p>Kuidas see lugu Sind end tundma pani? Saada <a href=\"https:\/\/www.delfi.ee\/artikkel\/120592780\/kertsi-sild-oli-drooniohu-tottu-oo-labi-suletud-moskvas-ja-teistes-regioonides-anti-raketihoiatus\/kommentaarid\" class=\"article-body-bottom__comment article-body-bottom__comment--write button button--primary button--size-auto\" rel=\"nofollow noopener\" target=\"_blank\"> Kommenteeri <\/a><a href=\"https:\/\/www.delfi.ee\/artikkel\/120592780\/kertsi-sild-oli-drooniohu-tottu-oo-labi-suletud-moskvas-ja-teistes-regioonides-anti-raketihoiatus\/kommentaarid\" class=\"article-body-bottom__comment article-body-bottom__comment--read button button--size-auto\" rel=\"nofollow noopener\" target=\"_blank\"> Loe kommentaare (6)<\/a><\/p>\n","protected":false},"excerpt":{"rendered":"Hommikustel andmetel olid droonil\u00f6\u00f6gid tabanud TES-Terminali laokompleksi Kert\u0161i sadamas, mida on r\u00fcnnatud ka varem. Sovetski rajoonis s\u00fcttis p\u00f5lema&hellip;\n","protected":false},"author":2,"featured_media":211359,"comment_status":"","ping_status":"","sticky":false,"template":"","format":"standard","meta":{"footnotes":"","_share_on_mastodon":"0"},"categories":[80],"tags":[5472,26,27,37,33,35,34,36,31,32,21,1856,28,29,95,19,25,107,23,24,262,22,20,96,30,92,93,94],"class_list":["post-211358","post","type-post","status-publish","format-standard","has-post-thumbnail","category-maailm","tag-belgorod","tag-breaking-news","tag-breakingnews","tag-ee","tag-eesti","tag-eesti-keel","tag-estonia","tag-estonian","tag-featured-news","tag-featurednews","tag-headlines","tag-krimm","tag-latest-news","tag-latestnews","tag-maailm","tag-news","tag-populaarseimad-lood","tag-soda-ukrainas","tag-top-stories","tag-topstories","tag-ukraina","tag-uldised-uudised","tag-uudised","tag-venemaa","tag-viimased-uudised","tag-world","tag-world-news","tag-worldnews"],"share_on_mastodon":{"url":"https:\/\/pubeurope.com\/@ee\/116798443165349876","error":""},"_links":{"self":[{"href":"https:\/\/www.europesays.com\/ee\/wp-json\/wp\/v2\/posts\/211358","targetHints":{"allow":["GET"]}}],"collection":[{"href":"https:\/\/www.europesays.com\/ee\/wp-json\/wp\/v2\/posts"}],"about":[{"href":"https:\/\/www.europesays.com\/ee\/wp-json\/wp\/v2\/types\/post"}],"author":[{"embeddable":true,"href":"https:\/\/www.europesays.com\/ee\/wp-json\/wp\/v2\/users\/2"}],"replies":[{"embeddable":true,"href":"https:\/\/www.europesays.com\/ee\/wp-json\/wp\/v2\/comments?post=211358"}],"version-history":[{"count":0,"href":"https:\/\/www.europesays.com\/ee\/wp-json\/wp\/v2\/posts\/211358\/revisions"}],"wp:featuredmedia":[{"embeddable":true,"href":"https:\/\/www.europesays.com\/ee\/wp-json\/wp\/v2\/media\/211359"}],"wp:attachment":[{"href":"https:\/\/www.europesays.com\/ee\/wp-json\/wp\/v2\/media?parent=211358"}],"wp:term":[{"taxonomy":"category","embeddable":true,"href":"https:\/\/www.europesays.com\/ee\/wp-json\/wp\/v2\/categories?post=211358"},{"taxonomy":"post_tag","embeddable":true,"href":"https:\/\/www.europesays.com\/ee\/wp-json\/wp\/v2\/tags?post=211358"}],"curies":[{"name":"wp","href":"https:\/\/api.w.org\/{rel}","templated":true}]}}