{"id":211373,"date":"2026-06-23T08:38:06","date_gmt":"2026-06-23T08:38:06","guid":{"rendered":"https:\/\/www.europesays.com\/ee\/211373\/"},"modified":"2026-06-23T08:38:06","modified_gmt":"2026-06-23T08:38:06","slug":"lehis-teel-eesti-suurte-sekka-koik-toesti-rahul-teigamagi-voiduga-bigbank-kalev-jatkab-kalev-cramo-tasemel","status":"publish","type":"post","link":"https:\/\/www.europesays.com\/ee\/211373\/","title":{"rendered":"Lehis teel Eesti suurte sekka? K\u00f5ik t\u00f5esti rahul Teigam\u00e4gi v\u00f5iduga? Bigbank\/Kalev j\u00e4tkab Kalev\/Cramo tasemel?"},"content":{"rendered":"<p>23. juuni \u201eMehed ei nuta\u201c peateemad:<\/p>\n<ul>\n<li>\n<p>Katrina Lehis v\u00f5itis karj\u00e4\u00e4ri teise EM-kulla, t\u00f5estades nii enda kuulumist absoluutsesse eliiti kui ka treener Nikolai Novosjolovi taset.<\/p>\n<\/li>\n<li>\n<p class=\"p1\">Erich Teigam\u00e4gi valiti ilmse \u00fclekaaluga Even Tudebergi vastu EOK presidendiks. N\u00fc\u00fcd on \u00f5nn ja taevamanna? Kuidas suutis Jaan n\u00e4ha, et Tudeberg viimasel hetkel vahet v\u00e4hendas?<\/p>\n<\/li>\n<li>\n<p class=\"p1\">Eesti v\u00f5rkpallimeeskond kaotas Rootsile 2:3 ega teeninud varajast 2028. aasta EM-piletit. Tagasiminek?<\/p>\n<\/li>\n<li>\n<p class=\"p1\">BC Kalev\/Cramost saab kolmeks aastaks miljoni euro eest Bigbank\/Kalev. Au ja kiitus osalistele? Kas tasuks asuda finaalseeriat nelja v\u00f5iduni pidama?<\/p>\n<\/li>\n<li>\n<p class=\"p1\">Kalevi peatreener Brett N\u00f5mm andis indikatsiooni: Eesti m\u00e4ngijate eest k\u00e4ib turul k\u00f5va v\u00f5itlus. Milliseid \u201ev\u00e4lismaalasi\u201c v\u00f5iks selle k\u00e4igus koju oodata?<\/p>\n<\/li>\n<li>\n<p class=\"p1\">Heiko Rannula t\u00fc\u00fcris Varssavi Legia teist aastat j\u00e4rjest Poola meistriks. Kas n\u00fc\u00fcd ootab samm k\u00f5rgemale minek?<\/p>\n<\/li>\n<li>\n<p class=\"p1\">Jalgpalli MM: kas Cristiano Ronaldo saab asja eest sarjata?<\/p>\n<\/li>\n<\/ul>\n<p class=\"p1\">Saadet \u201eMehed ei nuta\u201c saavad j\u00e4relvaadata ja -kuulata Delfi Kogupaketi tellijad. Mugavamaks j\u00e4relkuulamiseks laadi alla uus Delfi Tasku rakendus, kus saad asuda saate j\u00e4lgijaks ja valida teisi lemmikuid, saada teavitusi uute osade ilmumise kohta, j\u00e4tkata saate kuulamist pooleli j\u00e4\u00e4nud kohast, laadida episoode alla, kasutada Apple CarPlay\u2019d v\u00f5i Android Autot.<\/p>\n<p>Oled juba tellija?Logi sisse<\/p>\n<p><a href=\"https:\/\/sport.delfi.ee\/artikkel\/120592769\/lehis-teel-eesti-suurte-sekka-koik-toesti-rahul-teigamagi-voiduga-bigbankkalev-jatkab-kalevcramo-tasemel\/kommentaarid\" class=\"article-body-bottom__comment article-body-bottom__comment--write button button--primary button--size-auto\" rel=\"nofollow noopener\" target=\"_blank\"> Kommenteeri <\/a><a href=\"https:\/\/sport.delfi.ee\/artikkel\/120592769\/lehis-teel-eesti-suurte-sekka-koik-toesti-rahul-teigamagi-voiduga-bigbankkalev-jatkab-kalevcramo-tasemel\/kommentaarid\" class=\"article-body-bottom__comment article-body-bottom__comment--read button button--size-auto\" rel=\"nofollow noopener\" target=\"_blank\"> Loe kommentaare <\/a><\/p>\n","protected":false},"excerpt":{"rendered":"23. juuni \u201eMehed ei nuta\u201c peateemad: Katrina Lehis v\u00f5itis karj\u00e4\u00e4ri teise EM-kulla, t\u00f5estades nii enda kuulumist absoluutsesse eliiti&hellip;\n","protected":false},"author":2,"featured_media":211374,"comment_status":"","ping_status":"","sticky":false,"template":"","format":"standard","meta":{"footnotes":"","_share_on_mastodon":"0"},"categories":[18],"tags":[37,33,35,5375,56384,34,36,6345,159,158],"class_list":["post-211373","post","type-post","status-publish","format-standard","has-post-thumbnail","category-sport","tag-ee","tag-eesti","tag-eesti-keel","tag-eesti-vorkpallikoondis","tag-erich-teigamagi","tag-estonia","tag-estonian","tag-katrina-lehis","tag-sport","tag-sports"],"share_on_mastodon":{"url":"https:\/\/pubeurope.com\/@ee\/116798521455253927","error":""},"_links":{"self":[{"href":"https:\/\/www.europesays.com\/ee\/wp-json\/wp\/v2\/posts\/211373","targetHints":{"allow":["GET"]}}],"collection":[{"href":"https:\/\/www.europesays.com\/ee\/wp-json\/wp\/v2\/posts"}],"about":[{"href":"https:\/\/www.europesays.com\/ee\/wp-json\/wp\/v2\/types\/post"}],"author":[{"embeddable":true,"href":"https:\/\/www.europesays.com\/ee\/wp-json\/wp\/v2\/users\/2"}],"replies":[{"embeddable":true,"href":"https:\/\/www.europesays.com\/ee\/wp-json\/wp\/v2\/comments?post=211373"}],"version-history":[{"count":0,"href":"https:\/\/www.europesays.com\/ee\/wp-json\/wp\/v2\/posts\/211373\/revisions"}],"wp:featuredmedia":[{"embeddable":true,"href":"https:\/\/www.europesays.com\/ee\/wp-json\/wp\/v2\/media\/211374"}],"wp:attachment":[{"href":"https:\/\/www.europesays.com\/ee\/wp-json\/wp\/v2\/media?parent=211373"}],"wp:term":[{"taxonomy":"category","embeddable":true,"href":"https:\/\/www.europesays.com\/ee\/wp-json\/wp\/v2\/categories?post=211373"},{"taxonomy":"post_tag","embeddable":true,"href":"https:\/\/www.europesays.com\/ee\/wp-json\/wp\/v2\/tags?post=211373"}],"curies":[{"name":"wp","href":"https:\/\/api.w.org\/{rel}","templated":true}]}}