{"id":211414,"date":"2026-06-23T09:37:13","date_gmt":"2026-06-23T09:37:13","guid":{"rendered":"https:\/\/www.europesays.com\/ee\/211414\/"},"modified":"2026-06-23T09:37:13","modified_gmt":"2026-06-23T09:37:13","slug":"usa-ametiisik-groonimaa-annekteerimine-tagaks-ameeriklastele-piiramatu-koguse-krevette","status":"publish","type":"post","link":"https:\/\/www.europesays.com\/ee\/211414\/","title":{"rendered":"USA ametiisik: Gr\u00f6\u00f6nimaa annekteerimine tagaks ameeriklastele piiramatu koguse krevette"},"content":{"rendered":"<p>Trumpi administratsioon on Gr\u00f6\u00f6nimaa omandamise \u00f5igustuseks esitanud mitmeid p\u00f5hjendusi, alates strateegilistest julgeolekuhuvidest ja kasutamata maavaradest kuni kriitikani <a rel=\"noopener nofollow\" target=\"_blank\" href=\"https:\/\/www.delfi.ee\/teema\/23101691\/taani\" tag-id=\"23101691\">Taani<\/a> aadressil, et see ei suuda Gr\u00f6\u00f6nimaad kaitsta Hiina ja Venemaa eest. <\/p>\n<p>Trumpi ametisse nimetatud USA Arktika uurimiskomisjoni esimees <a rel=\"noopener nofollow\" target=\"_blank\" href=\"https:\/\/www.delfi.ee\/teema\/96944132\/thomas-dans\" tag-id=\"96944132\">Thomas Dans<\/a> tui hiljuti v\u00e4lja uue argumendiga, miks Gr\u00f6\u00f6nimaa tuleks annekteerida. \u201eMinu arvates v\u00f5iks USA \u00e4ra v\u00f5tta k\u00f5ik mereannid, mida Gr\u00f6\u00f6nimaa toota suudab, vabaneda vahendajatest ja hoida need Hiinast eemal, ja nii saaksite Red Lobsteris tagasi tuua \u201es\u00f6\u00f6-palju-jaksad\u201c krevettide pakkumise,\u201c \u00fctles Dans.<\/p>\n<p>USA populaarne mereannirestoranide kett Red Lobster oli kahe aasta eest sunnitud oma \u201es\u00f6\u00f6-palju-jaksad\u201c kampaania l\u00f5petama, sest ettev\u00f5tet \u00e4hvardas pankrot. Hiljem seesugune pakkumine siiski taastati, <a rel=\"noopener noreferrer nofollow\" target=\"_blank\" href=\"https:\/\/www.independent.co.uk\/news\/world\/americas\/us-politics\/greenland-trump-shrimp-red-lobster-b3000687.html\" data-rel-date-range=\"[]\">vahendab <\/a>The Independent.<\/p>\n<p>Dans on riskikapitalist, keda Taani valitsus on seostanud m\u00f5juoperatsioonidega Gr\u00f6\u00f6nimal. Ta t\u00f6\u00f6tas Trumpi esimesel ametiajal rahandusministeeriumis ja kuulus rahvusliku julgeolekun\u00f5ukogu t\u00f6\u00f6r\u00fchma, mille fookuses oli just Gr\u00f6\u00f6nimaa \u00fcle kontrolli saavutamine.<\/p>\n<p>Hoolimata sellest, et ta pole kunagi ise Gr\u00f6\u00f6nimaal k\u00e4inud, on Dans veendunud, et saare omandamine oleks USA-le iseenesestm\u00f5istetav k\u00e4ik. \u201eSelles pole midagi salajast \u2013 kui Gr\u00f6\u00f6nimaad v\u00e4hegi uurida, j\u00f5uate kiiresti arusaamani, et nad on varade poolest rikkad, kuid raha napib,\u201c selgitas ta. \u201eInvesteerimispanganduse v\u00f5i tehingute tegemise taustaga inimesele pole seda keeruline m\u00f5ista.\u201c<\/p>\n<p><a rel=\"noopener nofollow\" target=\"_blank\" href=\"https:\/\/www.delfi.ee\/teema\/32758637\/donald-trump\" tag-id=\"32758637\">Donald Trump<\/a> on v\u00e4itnud, et USA peab omama Gr\u00f6\u00f6nimaad, et takistada Venemaal ja Hiinal selle strateegilise asukoha ja tohutute maavarade h\u00f5ivamist. Ta on kritiseerinud Taanit, kellega USA-l on 1951. aastast p\u00e4rinev kaitselepe, saare kaitsev\u00f5ime hooletusse j\u00e4tmise eest, v\u00e4ites, et Taani s\u00f5jaline kohalolek piirdub kahe kelgukoerarakendiga.<\/p>\n<p>Avaliku arvamuse k\u00fcsitlused n\u00e4itavad, et 86% ameeriklastest on Gr\u00f6\u00f6nimaa j\u00f5uga \u00fclev\u00f5tmise vastu ning ka Gr\u00f6\u00f6nimaa elanike valdav enamus on iseseisvuse m\u00fc\u00fcmise vastu.<\/p>\n<p>Kuidas see lugu Sind end tundma pani? Saada <a href=\"https:\/\/www.delfi.ee\/artikkel\/120592790\/usa-ametiisik-groonimaa-annekteerimine-tagaks-ameeriklastele-piiramatu-koguse-krevette\/kommentaarid\" class=\"article-body-bottom__comment article-body-bottom__comment--write button button--primary button--size-auto\" rel=\"nofollow noopener\" target=\"_blank\"> Kommenteeri <\/a><a href=\"https:\/\/www.delfi.ee\/artikkel\/120592790\/usa-ametiisik-groonimaa-annekteerimine-tagaks-ameeriklastele-piiramatu-koguse-krevette\/kommentaarid\" class=\"article-body-bottom__comment article-body-bottom__comment--read button button--size-auto\" rel=\"nofollow noopener\" target=\"_blank\"> Loe kommentaare (11)<\/a><\/p>\n","protected":false},"excerpt":{"rendered":"Trumpi administratsioon on Gr\u00f6\u00f6nimaa omandamise \u00f5igustuseks esitanud mitmeid p\u00f5hjendusi, alates strateegilistest julgeolekuhuvidest ja kasutamata maavaradest kuni kriitikani Taani&hellip;\n","protected":false},"author":2,"featured_media":211415,"comment_status":"","ping_status":"","sticky":false,"template":"","format":"standard","meta":{"footnotes":"","_share_on_mastodon":"0"},"categories":[80],"tags":[26,27,324,37,33,35,34,36,31,32,2409,21,28,29,95,19,25,264,86459,23,24,22,325,20,30,92,93,94],"class_list":["post-211414","post","type-post","status-publish","format-standard","has-post-thumbnail","category-maailm","tag-breaking-news","tag-breakingnews","tag-donald-trump","tag-ee","tag-eesti","tag-eesti-keel","tag-estonia","tag-estonian","tag-featured-news","tag-featurednews","tag-groonimaa","tag-headlines","tag-latest-news","tag-latestnews","tag-maailm","tag-news","tag-populaarseimad-lood","tag-taani","tag-thomas-dans","tag-top-stories","tag-topstories","tag-uldised-uudised","tag-usa","tag-uudised","tag-viimased-uudised","tag-world","tag-world-news","tag-worldnews"],"share_on_mastodon":{"url":"https:\/\/pubeurope.com\/@ee\/116798753668405085","error":""},"_links":{"self":[{"href":"https:\/\/www.europesays.com\/ee\/wp-json\/wp\/v2\/posts\/211414","targetHints":{"allow":["GET"]}}],"collection":[{"href":"https:\/\/www.europesays.com\/ee\/wp-json\/wp\/v2\/posts"}],"about":[{"href":"https:\/\/www.europesays.com\/ee\/wp-json\/wp\/v2\/types\/post"}],"author":[{"embeddable":true,"href":"https:\/\/www.europesays.com\/ee\/wp-json\/wp\/v2\/users\/2"}],"replies":[{"embeddable":true,"href":"https:\/\/www.europesays.com\/ee\/wp-json\/wp\/v2\/comments?post=211414"}],"version-history":[{"count":0,"href":"https:\/\/www.europesays.com\/ee\/wp-json\/wp\/v2\/posts\/211414\/revisions"}],"wp:featuredmedia":[{"embeddable":true,"href":"https:\/\/www.europesays.com\/ee\/wp-json\/wp\/v2\/media\/211415"}],"wp:attachment":[{"href":"https:\/\/www.europesays.com\/ee\/wp-json\/wp\/v2\/media?parent=211414"}],"wp:term":[{"taxonomy":"category","embeddable":true,"href":"https:\/\/www.europesays.com\/ee\/wp-json\/wp\/v2\/categories?post=211414"},{"taxonomy":"post_tag","embeddable":true,"href":"https:\/\/www.europesays.com\/ee\/wp-json\/wp\/v2\/tags?post=211414"}],"curies":[{"name":"wp","href":"https:\/\/api.w.org\/{rel}","templated":true}]}}