{"id":211459,"date":"2026-06-23T10:55:10","date_gmt":"2026-06-23T10:55:10","guid":{"rendered":"https:\/\/www.europesays.com\/ee\/211459\/"},"modified":"2026-06-23T10:55:10","modified_gmt":"2026-06-23T10:55:10","slug":"iisrael-katkestas-liibanoniga-peetavate-koneluste-eel-taas-relvarahu-tappes-kaks-inimest","status":"publish","type":"post","link":"https:\/\/www.europesays.com\/ee\/211459\/","title":{"rendered":"Iisrael katkestas Liibanoniga peetavate k\u00f5neluste eel taas relvarahu, tappes kaks inimest"},"content":{"rendered":"<p>Liibanoni riigimeedia teatel toimus tulistamine buldooseri l\u00e4histel, mis tegeles maanteelt rusude k\u00f5rvaldamisega.<\/p>\n<p>P\u00fchap\u00e4eval teatasid nii Iisrael kui Liibanoni r\u00fchmitus <a rel=\"noopener nofollow\" target=\"_blank\" href=\"https:\/\/www.delfi.ee\/teema\/96857673\/hezbollah-1\" tag-id=\"96857673\">Hezbollah<\/a> tulevahetuse peatamisest, kuigi samal p\u00e4eval tapsid Iisreli \u00f5hul\u00f6\u00f6gid Liibanoni teatel veel seitse inimest. Esmasp\u00e4evaks oli verevalamine Liibanonis ajutiselt peatunud.<\/p>\n<p>Iraani valitsuse kinnitusel t\u00e4hendab <a rel=\"noopener nofollow\" target=\"_blank\" href=\"https:\/\/www.delfi.ee\/teema\/22971743\/usa\" tag-id=\"22971743\">USA<\/a>-ga s\u00f5lmitud rahumemorandumi t\u00e4itmine muu hulgas vaenutegevuse l\u00f5petamist Liibanonis.<\/p>\n<p>USA aja j\u00e4rgi teisip\u00e4eval peaksid Liibanoni ja Iisraeli diplomaadid pidama otsek\u00f5nelusi, mis toimuvad Washingtonis.<\/p>\n<p>Enne viimast verevalamist \u00fctles Iraani Genfis resideeruv suursaadik \u00dcRO juures, et Iraani jaoks on see k\u00fcsimus \u201epunaseks jooneks.\u201c Suursaadik Ali Bahreni \u00fctles teisip\u00e4eval, et kui Iisrael peaks korraldama Beirutis v\u00f5i mujal Liibanonis, sealhulgas l\u00f5unaosas uusi r\u00fcnnakuid Hezbollahi v\u00f5i muude sihtm\u00e4rkide vastu, siis on Iraan sunnitud sellele vastama.<\/p>\n<p>Teisip\u00e4eva hommikul avaldas Iraani v\u00e4lisministeeriumi pressiesindaja Esmaeil Baghaei lootust, et USA survestab Iisraeli r\u00fcnnakuid l\u00f5petama. \u201eUSA kohustused on selged ja [Iisraelil] ei ole mingit \u00f5igustust Liibanoni r\u00fcndamist j\u00e4tkata,\u201c \u00fctles Baghaei. Ta m\u00e4rkis, et Iisraeli ja Hezbollahi s\u00f5da on v\u00e4ga keeruline k\u00fcsimus, aga l\u00f5plik lahendus leitakse tema hinnangul juba l\u00e4hip\u00e4evadel.<\/p>\n<p>Iisraeli rahandusminister Bezalel Smotrich \u00fctles teisip\u00e4eval, et kuni Hezbollah eksisteerib, ei kavatse Iisrael mingil juhul v\u00e4gesid Liibanonist v\u00e4lja viia. \u201eSeda lihtsalt ei juhtu,\u201c \u00fctles Smotrich armee raadiole. Sama \u00f6eldi hommikul Iisraeli armee teates, mille s\u00f5nul ei tee riik Iisraeli kodanike ja relvaj\u00f5udude kaitsmisel kompromisse. Peaminister <a rel=\"noopener nofollow\" target=\"_blank\" href=\"https:\/\/www.delfi.ee\/teema\/34675697\/benjamin-netanyahu\" tag-id=\"34675697\">Benjamin Netanyahu<\/a> \u00fctles eraldi avalduses, et Iisraeli kaitsev\u00e4gi peab l\u00f5petama s\u00f5ltuvuse USA relvaabist ning arendama v\u00e4lja kodumaiseid relvas\u00fcsteeme.<\/p>\n<p>USA v\u00e4lisministeeriumist \u00f6eldi meediale, et Washintoni k\u00f5neluste l\u00f5ppeesm\u00e4rk on vaenutegevuse t\u00e4ielik l\u00f5petamine. Arutatakse nii s\u00f5jalisi kui poliitilisi k\u00fcsimusi. \u201eAnname Iisraelile ja Liibanonile v\u00f5imaluse kahe suver\u00e4\u00e4nse riigina l\u00e4bi r\u00e4\u00e4kida ning leida viis, kuidas rahu ja julgeolekut saavutada,\u201c \u00fctles v\u00e4lisministeeriumi esindaja. \u201eK\u00f5nelused j\u00e4tkuvad, kuni kahe riigi vahel on s\u00f5lmitud k\u00f5ikeh\u00f5lmav rahu- ja julgeolekulepe. Peagi teatatakse rohkem detaile.\u201c<\/p>\n<p>Kuidas see lugu Sind end tundma pani? Saada <a href=\"https:\/\/www.delfi.ee\/artikkel\/120592813\/iisrael-katkestas-liibanoniga-peetavate-koneluste-eel-taas-relvarahu-tappes-kaks-inimest\/kommentaarid\" class=\"article-body-bottom__comment article-body-bottom__comment--write button button--primary button--size-auto\" rel=\"nofollow noopener\" target=\"_blank\"> Kommenteeri <\/a><a href=\"https:\/\/www.delfi.ee\/artikkel\/120592813\/iisrael-katkestas-liibanoniga-peetavate-koneluste-eel-taas-relvarahu-tappes-kaks-inimest\/kommentaarid\" class=\"article-body-bottom__comment article-body-bottom__comment--read button button--size-auto\" rel=\"nofollow noopener\" target=\"_blank\"> Loe kommentaare (4)<\/a><\/p>\n","protected":false},"excerpt":{"rendered":"Liibanoni riigimeedia teatel toimus tulistamine buldooseri l\u00e4histel, mis tegeles maanteelt rusude k\u00f5rvaldamisega. P\u00fchap\u00e4eval teatasid nii Iisrael kui Liibanoni&hellip;\n","protected":false},"author":2,"featured_media":211460,"comment_status":"","ping_status":"","sticky":false,"template":"","format":"standard","meta":{"footnotes":"","_share_on_mastodon":"0"},"categories":[80],"tags":[621,26,27,37,33,35,34,36,31,32,21,969,619,55505,28,29,968,95,19,25,23,24,22,325,20,30,92,93,94],"class_list":["post-211459","post","type-post","status-publish","format-standard","has-post-thumbnail","category-maailm","tag-benjamin-netanyahu","tag-breaking-news","tag-breakingnews","tag-ee","tag-eesti","tag-eesti-keel","tag-estonia","tag-estonian","tag-featured-news","tag-featurednews","tag-headlines","tag-hezbollah","tag-iisrael","tag-lahis-ida-soda","tag-latest-news","tag-latestnews","tag-liibanon","tag-maailm","tag-news","tag-populaarseimad-lood","tag-top-stories","tag-topstories","tag-uldised-uudised","tag-usa","tag-uudised","tag-viimased-uudised","tag-world","tag-world-news","tag-worldnews"],"share_on_mastodon":{"url":"https:\/\/pubeurope.com\/@ee\/116799060264803169","error":""},"_links":{"self":[{"href":"https:\/\/www.europesays.com\/ee\/wp-json\/wp\/v2\/posts\/211459","targetHints":{"allow":["GET"]}}],"collection":[{"href":"https:\/\/www.europesays.com\/ee\/wp-json\/wp\/v2\/posts"}],"about":[{"href":"https:\/\/www.europesays.com\/ee\/wp-json\/wp\/v2\/types\/post"}],"author":[{"embeddable":true,"href":"https:\/\/www.europesays.com\/ee\/wp-json\/wp\/v2\/users\/2"}],"replies":[{"embeddable":true,"href":"https:\/\/www.europesays.com\/ee\/wp-json\/wp\/v2\/comments?post=211459"}],"version-history":[{"count":0,"href":"https:\/\/www.europesays.com\/ee\/wp-json\/wp\/v2\/posts\/211459\/revisions"}],"wp:featuredmedia":[{"embeddable":true,"href":"https:\/\/www.europesays.com\/ee\/wp-json\/wp\/v2\/media\/211460"}],"wp:attachment":[{"href":"https:\/\/www.europesays.com\/ee\/wp-json\/wp\/v2\/media?parent=211459"}],"wp:term":[{"taxonomy":"category","embeddable":true,"href":"https:\/\/www.europesays.com\/ee\/wp-json\/wp\/v2\/categories?post=211459"},{"taxonomy":"post_tag","embeddable":true,"href":"https:\/\/www.europesays.com\/ee\/wp-json\/wp\/v2\/tags?post=211459"}],"curies":[{"name":"wp","href":"https:\/\/api.w.org\/{rel}","templated":true}]}}