{"id":211476,"date":"2026-06-23T11:25:14","date_gmt":"2026-06-23T11:25:14","guid":{"rendered":"https:\/\/www.europesays.com\/ee\/211476\/"},"modified":"2026-06-23T11:25:14","modified_gmt":"2026-06-23T11:25:14","slug":"paevahoroskoop-%e2%9f%a9-23-juuni-sonnile-meeldib-olla-lahedaste-seltsis-vahk-on-aga-jaaniohtu-saravaim-taht","status":"publish","type":"post","link":"https:\/\/www.europesays.com\/ee\/211476\/","title":{"rendered":"P\u00c4EVAHOROSKOOP \u27e9 23. juuni: S\u00f5nnile meeldib olla l\u00e4hedaste seltsis, V\u00e4hk on aga jaani\u00f5htu s\u00e4ravaim t\u00e4ht"},"content":{"rendered":"<p>Suhted kallimaga on meeldivad ja harmoonilised. Naudi jaanitule soojust ja luba endal t\u00e4iel rinnal argip\u00e4evast puhata.<\/p>\n<p>Peomelu viib sind kokku toredate naabrite v\u00f5i sugulastega. Naudi toredaid vestlusi, koos tegutsemist ja pidutsemist.<\/p>\n<p>K\u00e4es on t\u00e4pselt \u00f5ige aeg nautimaks head s\u00f6\u00f6ki ja vallatut seltskonda. Luba endal tunda elust t\u00e4it m\u00f5nu ning jagada seda k\u00fcllust ka teistega.<\/p>\n<p>Oled jaani\u00f5htu s\u00e4ravaim t\u00e4ht! Sinu isiklik sarm ja salap\u00e4ra lummavad \u00fcmbritsevaid. V\u00f5ib tekkida erilisi uusi tutvusi.<\/p>\n<p>Sind v\u00f5ib vallata soov olla rahulikumas keskkonnas. Naudi sumedat jaani\u00f6\u00f6d kitsamas, usaldusv\u00e4\u00e4rses ringis v\u00f5i looduse vaikuses.<\/p>\n<p>Oled \u00f5nnelik, kui sind \u00fcmbritseb s\u00f5prade v\u00f5i m\u00f5ttekaaslaste ring. Jaani\u00f5htu toob ilmselt sinu ellu uusi p\u00f5nevaid kontakte.<\/p>\n<p>S\u00e4rad seltskonnas ja sinu organiseerimisv\u00f5imeid m\u00e4rgatakse. Juhi pidu naeratades, sest oled teistele suureks ja soojaks eeskujuks.<\/p>\n<p>Jaanilaup\u00e4ev v\u00f5ib sind viia reisile v\u00f5i t\u00e4iesti uude keskkonda. Naudi avastamisr\u00f5\u00f5mu ja luba uutel traditsioonidel oma hingekeeli puudutada.<\/p>\n<p>Peomelu toob sinus esile s\u00fcgavad emotsioonid ja soovi t\u00f5elise l\u00e4heduse j\u00e4rele. Jaga jaani\u00f6\u00f6 maagiat kellegagi, kes m\u00f5istab sind poolelt s\u00f5nalt.<\/p>\n<p>Keskendu oma kaaslasele, loo romantilist meeleolu. Jaanitulest \u00f5hkub teie suhtesse uut, s\u00fcgavat ja siduvat kirge ning soojust.<\/p>\n<p>K\u00fcllap m\u00f6\u00f6dub jaanip\u00e4ev teisi abistades ja m\u00f5nusat peolauda ette valmistades. Sinu hoolitsus loob k\u00f5igile \u00fcmbritsevatele imelise olemise.<\/p>\n<p>Sinu sees keeb elur\u00f5\u00f5m ja peolust! Naudi jaani\u00f6\u00f6 maagiat t\u00e4iel rinnal, keeruta uljalt tantsujalga ja otsi salap\u00e4rast s\u00f5najala\u00f5it.<\/p>\n","protected":false},"excerpt":{"rendered":"Suhted kallimaga on meeldivad ja harmoonilised. Naudi jaanitule soojust ja luba endal t\u00e4iel rinnal argip\u00e4evast puhata. Peomelu viib&hellip;\n","protected":false},"author":2,"featured_media":211477,"comment_status":"","ping_status":"","sticky":false,"template":"","format":"standard","meta":{"footnotes":"","_share_on_mastodon":"0"},"categories":[16],"tags":[19497,37,33,35,173,34,36,86575,19493,19496,9135,6558,9138,19494,140,19495,9137,9136,4194,9139],"class_list":["post-211476","post","type-post","status-publish","format-standard","has-post-thumbnail","category-meelelahutus","tag-ambur","tag-ee","tag-eesti","tag-eesti-keel","tag-entertainment","tag-estonia","tag-estonian","tag-imelist-ja-meeleolukat-jaaniaega","tag-jaar","tag-kaalud","tag-kaksikud","tag-kalad","tag-kaljukits","tag-lovi","tag-meelelahutus","tag-neitsi","tag-skorpion","tag-sonn","tag-vahk","tag-veevalaja"],"share_on_mastodon":{"url":"https:\/\/pubeurope.com\/@ee\/116799178214708987","error":""},"_links":{"self":[{"href":"https:\/\/www.europesays.com\/ee\/wp-json\/wp\/v2\/posts\/211476","targetHints":{"allow":["GET"]}}],"collection":[{"href":"https:\/\/www.europesays.com\/ee\/wp-json\/wp\/v2\/posts"}],"about":[{"href":"https:\/\/www.europesays.com\/ee\/wp-json\/wp\/v2\/types\/post"}],"author":[{"embeddable":true,"href":"https:\/\/www.europesays.com\/ee\/wp-json\/wp\/v2\/users\/2"}],"replies":[{"embeddable":true,"href":"https:\/\/www.europesays.com\/ee\/wp-json\/wp\/v2\/comments?post=211476"}],"version-history":[{"count":0,"href":"https:\/\/www.europesays.com\/ee\/wp-json\/wp\/v2\/posts\/211476\/revisions"}],"wp:featuredmedia":[{"embeddable":true,"href":"https:\/\/www.europesays.com\/ee\/wp-json\/wp\/v2\/media\/211477"}],"wp:attachment":[{"href":"https:\/\/www.europesays.com\/ee\/wp-json\/wp\/v2\/media?parent=211476"}],"wp:term":[{"taxonomy":"category","embeddable":true,"href":"https:\/\/www.europesays.com\/ee\/wp-json\/wp\/v2\/categories?post=211476"},{"taxonomy":"post_tag","embeddable":true,"href":"https:\/\/www.europesays.com\/ee\/wp-json\/wp\/v2\/tags?post=211476"}],"curies":[{"name":"wp","href":"https:\/\/api.w.org\/{rel}","templated":true}]}}