{"id":211486,"date":"2026-06-23T11:48:15","date_gmt":"2026-06-23T11:48:15","guid":{"rendered":"https:\/\/www.europesays.com\/ee\/211486\/"},"modified":"2026-06-23T11:48:15","modified_gmt":"2026-06-23T11:48:15","slug":"suua-suua-naljahadas-jurgenson-ja-tvmk-keerasid-peaaegu-bussi-kummuli-soccernet-ee","status":"publish","type":"post","link":"https:\/\/www.europesays.com\/ee\/211486\/","title":{"rendered":"&#8220;S\u00fc\u00fca! S\u00fc\u00fca!&#8221; N\u00e4ljah\u00e4das J\u00fcrgenson ja TVMK keerasid peaaegu bussi kummuli &#8211; Soccernet.ee"},"content":{"rendered":"<p><img decoding=\"async\" src=\"https:\/\/www.europesays.com\/ee\/wp-content\/uploads\/2026\/06\/1761770459.jpg\" alt=\"Markus J\u00fcrgenson. Foto: Katariina Peetson \/ jalgpall.ee\"\/>&#13;\n<\/p>\n<p>Markus J\u00fcrgenson meenutas Saku Sportingu naiskonnaga juhtunu valguses Soccernet.ee taskuh\u00e4\u00e4lingusaate &#8220;Pikk ette (ja ise j\u00e4rele)&#8221; 381. saates Kristjan Jaak Kanguri ja Gunnar Saluga vesteldes, kuidas ta koos TVMK meeskonnaga peaaegu bussi kummuli oleks keeranud. <br \/>&#13;\n<\/p>\n<p>Saku Sportingu naiskond tunnistas viimatises Balti liiga kohtumises tunnistama Riia FC 7:0 paremust, kuid m\u00e4ngule j\u00f5uti \u00fcsna napilt. Nimelt tabas neid m\u00e4ngule s\u00f5ites \u00fcllatus, sest buss andis otsad. Antud seigast r\u00e4\u00e4kides meenus J\u00fcrgensonile, et ka temal on bussiga seoses k\u00f5nekas m\u00e4lestus.\u00a0&#13;\n<\/p>\n<p>&#8220;Me oleks kunagi TVMK-s bussi \u00e4ra l\u00f5hkunud. L\u00e4ksime Intertoto m\u00e4ngule, Espoo Honkaga m\u00e4ngisime. Tol ajal ikkagi Soome puntide vastu pigem ei saadud. Kordusm\u00e4ngu me kaotasime, aga me l\u00e4ksime v\u00f5\u00f5rsile Honka vastu ja v\u00f5itsime neid,&#8221; r\u00e4\u00e4kis J\u00fcrgenson m\u00e4ngust, mis siiski 0:0 viigiga l\u00f5ppes.\u00a0&#13;\n<\/p>\n<p>Ta j\u00e4tkas: &#8220;Bussiga l\u00e4ksime ja h\u00e4sti palav ilm oli ja ega tol ajal ei olnud nii, et meil oli p\u00e4rast m\u00e4ngu restoranis s\u00f6\u00f6k, vaid toit oli kaasas.&#8221;<\/p>\n<p>&#8220;V\u00f5ileivad kaasas?&#8221; pakkus Kangur.\u00a0&#13;\n<\/p>\n<p>&#8220;Olidki v\u00f5ileivad kaasas,&#8221; kinnitas J\u00fcrgenson. &#8220;Aga v\u00f5ileivad olid pandud sinna alla, kus pagas ja kotid k\u00e4ivad. Hommikul vara hakkasime minema, minu meelest me ei \u00f6\u00f6binud ka hotellis,&#8221; meenutas endine m\u00e4ngumees.\u00a0&#13;\n<\/p>\n<p>&#8220;Ma juba n\u00e4en, kuhu see jutt t\u00fc\u00fcrib,&#8221; muigas Kangur.\u00a0&#13;\n<\/p>\n<p>J\u00fcrgenson ei suutnud meenutada, kui kaua toidupoolis pagasiruumis aega veetis, ent p\u00e4rast m\u00e4ngu loodeti s\u00f6\u00f6ma hakata. &#8220;Tegime need lahti, et hakkame p\u00e4rast m\u00e4ngu taastuma,&#8221; r\u00e4\u00e4kis J\u00fcrgenson.\u00a0<\/p>\n<p>&#8220;Esimene pakkumine oleks olnud, et tegite pagasiruumi lahti ja saiad tulid vastu juba sealt,&#8221; arutles Kangur.\u00a0&#13;\n<\/p>\n<p>&#8220;Olid halvaks v\u00f5i k\u00e4\u00e4rima l\u00e4inud loomulikult. Kehvad olid!&#8221; pajatas J\u00fcrgenson. &#8220;M\u00e4letan, et terve meeskond oli bussis. Kui bossid olid v\u00e4ljas, t\u00f5usime k\u00f5ik vahek\u00e4iku p\u00fcsti ja hakkasime umbes 30-kesi bussi raputama. Buss k\u00e4is k\u00fcljelt k\u00fcljele ning me karjusime: &#8220;S\u00fc\u00fca! S\u00fc\u00fca!&#8221;&#8221;&#13;\n<\/p>\n<p>L\u00f5puks otsustas klubi siiski, et meeskond viiakse restorani einestama. &#8220;Klubi otsustas, et viskame margad letti ja l\u00e4heme s\u00f6\u00f6me kuskil mingit normaalset s\u00f6\u00f6ki. Pressisime v\u00e4lja \u00fches\u00f5naga,&#8221; r\u00e4\u00e4kis J\u00fcrgenson.\u00a0&#13;\n<\/p>\n<p>&#8220;Aga l\u00e4ks buss katki ka siis v\u00f5i?&#8221; uuris Salu.\u00a0<\/p>\n<p>&#8220;Ei, pidas vastu ikka,&#8221; kinnitas J\u00fcrgenson l\u00f5petuseks.\u00a0&#13;\n<\/p>\n<p>T\u00e4ispikk &#8220;Pikk ette (ja ise j\u00e4rele)&#8221; 381. saade:&#13;<\/p>\n","protected":false},"excerpt":{"rendered":"&#13; Markus J\u00fcrgenson meenutas Saku Sportingu naiskonnaga juhtunu valguses Soccernet.ee taskuh\u00e4\u00e4lingusaate &#8220;Pikk ette (ja ise j\u00e4rele)&#8221; 381. saates&hellip;\n","protected":false},"author":2,"featured_media":211487,"comment_status":"","ping_status":"","sticky":false,"template":"","format":"standard","meta":{"footnotes":"","_share_on_mastodon":"0"},"categories":[18],"tags":[37,33,35,34,36,56887,13623,46054,9036,9037,7703,113,159,158,86576],"class_list":["post-211486","post","type-post","status-publish","format-standard","has-post-thumbnail","category-sport","tag-ee","tag-eesti","tag-eesti-keel","tag-estonia","tag-estonian","tag-gunnar-salu","tag-jurgenson","tag-kangur","tag-kristjan-jaak-kangur","tag-markus-jurgenson","tag-salu","tag-soome","tag-sport","tag-sports","tag-tvmk"],"share_on_mastodon":{"url":"https:\/\/pubeurope.com\/@ee\/116799269125126793","error":""},"_links":{"self":[{"href":"https:\/\/www.europesays.com\/ee\/wp-json\/wp\/v2\/posts\/211486","targetHints":{"allow":["GET"]}}],"collection":[{"href":"https:\/\/www.europesays.com\/ee\/wp-json\/wp\/v2\/posts"}],"about":[{"href":"https:\/\/www.europesays.com\/ee\/wp-json\/wp\/v2\/types\/post"}],"author":[{"embeddable":true,"href":"https:\/\/www.europesays.com\/ee\/wp-json\/wp\/v2\/users\/2"}],"replies":[{"embeddable":true,"href":"https:\/\/www.europesays.com\/ee\/wp-json\/wp\/v2\/comments?post=211486"}],"version-history":[{"count":0,"href":"https:\/\/www.europesays.com\/ee\/wp-json\/wp\/v2\/posts\/211486\/revisions"}],"wp:featuredmedia":[{"embeddable":true,"href":"https:\/\/www.europesays.com\/ee\/wp-json\/wp\/v2\/media\/211487"}],"wp:attachment":[{"href":"https:\/\/www.europesays.com\/ee\/wp-json\/wp\/v2\/media?parent=211486"}],"wp:term":[{"taxonomy":"category","embeddable":true,"href":"https:\/\/www.europesays.com\/ee\/wp-json\/wp\/v2\/categories?post=211486"},{"taxonomy":"post_tag","embeddable":true,"href":"https:\/\/www.europesays.com\/ee\/wp-json\/wp\/v2\/tags?post=211486"}],"curies":[{"name":"wp","href":"https:\/\/api.w.org\/{rel}","templated":true}]}}