{"id":211532,"date":"2026-06-23T13:06:07","date_gmt":"2026-06-23T13:06:07","guid":{"rendered":"https:\/\/www.europesays.com\/ee\/211532\/"},"modified":"2026-06-23T13:06:07","modified_gmt":"2026-06-23T13:06:07","slug":"ghana-poolkaitsja-siirdus-tammekast-kasahstani-korgliigasse-soccernet-ee","status":"publish","type":"post","link":"https:\/\/www.europesays.com\/ee\/211532\/","title":{"rendered":"Ghana poolkaitsja siirdus Tammekast Kasahstani k\u00f5rgliigasse &#8211; Soccernet.ee"},"content":{"rendered":"<p><img decoding=\"async\" src=\"https:\/\/www.europesays.com\/ee\/wp-content\/uploads\/2026\/06\/1782213256.jpg\" alt=\"David Epton. Foto: Imre P\u00fchvel\"\/><br \/>&#13;<br \/>\nKaks ja pool aastat Tartu Tammekas m\u00e4nginud Ghana kontrolliv poolkaitsja David Epton (21) siirdus Kasahstani k\u00f5rgliigasse.&#13;\n<\/p>\n<p>Epton sai Premium liigas kirja 53 kohtumist (neist 45 p\u00f5hikoosseisus), 2 resultatiivset s\u00f6\u00f6tu ja koguni 5 punast kaarti. Tammeka ei t\u00e4psustanud oma <a href=\"https:\/\/www.jktammeka.ee\/post\/david-epton-siirdus-mangima-kasahstani\" target=\"_blank\" rel=\"nofollow noopener\">kodulehel<\/a> avaldatud uudises, millise Kasahstani klubiga Epton liitus.<\/p>\n<p>&#8220;Ma t\u00e4nan Davidit k\u00f5va t\u00f6\u00f6 eest treeningutel ja v\u00f5istlusm\u00e4ngudes. David oli nende kahe ja poole aasta jooksul osaline mitmeski JK Tammeka ajalukku kuuluvas meeldej\u00e4\u00e4vas episoodis, n\u00e4iteks kuulus meeskonda, mis j\u00f5udis 2024. aastal Premium liigas viiendale kohale. N\u00fc\u00fcd j\u00e4tkub Davidi karj\u00e4\u00e4r poolte kokkuleppel Kasahstanis ja me soovime talle selleks uueks etapiks v\u00e4ga palju kordaminekuid!&#8221; kommenteeris Tammeka tegevjuht Kristjan Tiirik.&#13;\n<\/p>\n<p>Epton ise s\u00f5nas omaltpoolt: &#8220;Esiteks ja \u00fcle k\u00f5ige tahaksin \u00f6elda v\u00e4ga suured ait\u00e4hid treeneritele, klubi t\u00f6\u00f6tajatele, juhtkonnale, tiimikaaslastele ja toetajatele! Tartu on koht, kus ma olen kasvanud jalgpallurina ja isiksusena. Olen t\u00e4nulik v\u00f5imaluste eest, \u00f5ppetundide eest ja samuti m\u00e4lestuste eest, mida jagan teiega. Ma t\u00e4nan teid k\u00f5iki, et olete uskunud minusse ja mind toetanud. Soovin sellele klubile suurt edu k\u00e4esolevaks hooajaks ja samuti pean end alati osaks sellest perekonnast!&#8221;&#13;<\/p>\n","protected":false},"excerpt":{"rendered":"&#13; Kaks ja pool aastat Tartu Tammekas m\u00e4nginud Ghana kontrolliv poolkaitsja David Epton (21) siirdus Kasahstani k\u00f5rgliigasse.&#13; Epton&hellip;\n","protected":false},"author":2,"featured_media":211533,"comment_status":"","ping_status":"","sticky":false,"template":"","format":"standard","meta":{"footnotes":"","_share_on_mastodon":"0"},"categories":[18],"tags":[12840,37,33,35,3473,34,36,86608,837,167,159,158,701,1728],"class_list":["post-211532","post","type-post","status-publish","format-standard","has-post-thumbnail","category-sport","tag-david-epton","tag-ee","tag-eesti","tag-eesti-keel","tag-epton","tag-estonia","tag-estonian","tag-kasahstani-korgliiga","tag-meistriliiga","tag-premium-liiga","tag-sport","tag-sports","tag-tammeka","tag-tartu-jk-tammeka"],"share_on_mastodon":{"url":"https:\/\/pubeurope.com\/@ee\/116799575915613357","error":""},"_links":{"self":[{"href":"https:\/\/www.europesays.com\/ee\/wp-json\/wp\/v2\/posts\/211532","targetHints":{"allow":["GET"]}}],"collection":[{"href":"https:\/\/www.europesays.com\/ee\/wp-json\/wp\/v2\/posts"}],"about":[{"href":"https:\/\/www.europesays.com\/ee\/wp-json\/wp\/v2\/types\/post"}],"author":[{"embeddable":true,"href":"https:\/\/www.europesays.com\/ee\/wp-json\/wp\/v2\/users\/2"}],"replies":[{"embeddable":true,"href":"https:\/\/www.europesays.com\/ee\/wp-json\/wp\/v2\/comments?post=211532"}],"version-history":[{"count":0,"href":"https:\/\/www.europesays.com\/ee\/wp-json\/wp\/v2\/posts\/211532\/revisions"}],"wp:featuredmedia":[{"embeddable":true,"href":"https:\/\/www.europesays.com\/ee\/wp-json\/wp\/v2\/media\/211533"}],"wp:attachment":[{"href":"https:\/\/www.europesays.com\/ee\/wp-json\/wp\/v2\/media?parent=211532"}],"wp:term":[{"taxonomy":"category","embeddable":true,"href":"https:\/\/www.europesays.com\/ee\/wp-json\/wp\/v2\/categories?post=211532"},{"taxonomy":"post_tag","embeddable":true,"href":"https:\/\/www.europesays.com\/ee\/wp-json\/wp\/v2\/tags?post=211532"}],"curies":[{"name":"wp","href":"https:\/\/api.w.org\/{rel}","templated":true}]}}