{"id":211641,"date":"2026-06-23T16:02:09","date_gmt":"2026-06-23T16:02:09","guid":{"rendered":"https:\/\/www.europesays.com\/ee\/211641\/"},"modified":"2026-06-23T16:02:09","modified_gmt":"2026-06-23T16:02:09","slug":"ametlik-itaalia-koondise-eesotsast-lahkunud-gattuso-leidis-uue-tookoha-serie-a-st-soccernet-ee","status":"publish","type":"post","link":"https:\/\/www.europesays.com\/ee\/211641\/","title":{"rendered":"Ametlik: Itaalia koondise eesotsast lahkunud Gattuso leidis uue t\u00f6\u00f6koha Serie A-st &#8211; Soccernet.ee"},"content":{"rendered":"<p><img decoding=\"async\" src=\"https:\/\/www.europesays.com\/ee\/wp-content\/uploads\/2026\/06\/1782218795.jpg\" alt=\"Gennaro Gattuso. Foto: Scanpix \/ Edson Teodoro De Souza \/ TheNEWS2 via ZUMA Press Wire\"\/>&#13;\n<\/p>\n<p>Aprilli alguses, eba\u00f5nnestunud MM-valikturniiri j\u00e4rel Itaalia koondise peatreenerikohast loobunud Gennaro Gattuso (48) nimetati t\u00e4na Rooma Lazio peatreeneriks.<\/p>\n<p>Gattuso liitumine Lazioga on olnud avalik saladus maikuu l\u00f5pust saadik. Klubi treeningbaasis n\u00e4hti teda juba 3. juunil, vahendab Football Italia.&#13;\n<\/p>\n<p>Gattuso s\u00f5lmis meedia teatel Lazioga, kes j\u00e4i l\u00e4inud hooajal Itaalia Serie A-s \u00fcheksandaks, kaheaastase lepingu. Ta v\u00f5ttis t\u00f6\u00f6koha \u00fcle Maurizio Sarrilt, kes l\u00e4ks Bergamo Atalantasse.&#13;\n<\/p>\n<p>Varasemalt Sioni, Palermot, Kreeta OFI-t, Pisat, AC Milani, Napolit, Fiorentinat, Valenciat, Marseille&#8217;id ja Spliti Hajdukki juhendanud Gattuso t\u00fc\u00fcris Itaalia koondist v\u00e4hem kui aasta. Itaalia v\u00f5itis tema k\u00e4e all Eestit 5:0 ja 3:1, kuid j\u00e4i MM-valikgrupis Norra j\u00e4rel teiseks ning kaotas m\u00e4rtsi l\u00f5pus otsustavas s\u00f5elm\u00e4ngus penaltitega Bosnia ja Hertsegoviinale.<\/p>\n","protected":false},"excerpt":{"rendered":"&#13; Aprilli alguses, eba\u00f5nnestunud MM-valikturniiri j\u00e4rel Itaalia koondise peatreenerikohast loobunud Gennaro Gattuso (48) nimetati t\u00e4na Rooma Lazio peatreeneriks.&hellip;\n","protected":false},"author":2,"featured_media":211642,"comment_status":"","ping_status":"","sticky":false,"template":"","format":"standard","meta":{"footnotes":"","_share_on_mastodon":"0"},"categories":[18],"tags":[37,33,35,34,36,7970,7653,109,6885,1542,15107,1082,159,158],"class_list":["post-211641","post","type-post","status-publish","format-standard","has-post-thumbnail","category-sport","tag-ee","tag-eesti","tag-eesti-keel","tag-estonia","tag-estonian","tag-gattuso","tag-gennaro-gattuso","tag-itaalia","tag-itaalia-koondis","tag-lazio","tag-rooma-lazio","tag-serie-a","tag-sport","tag-sports"],"share_on_mastodon":{"url":"https:\/\/pubeurope.com\/@ee\/116800267790863764","error":""},"_links":{"self":[{"href":"https:\/\/www.europesays.com\/ee\/wp-json\/wp\/v2\/posts\/211641","targetHints":{"allow":["GET"]}}],"collection":[{"href":"https:\/\/www.europesays.com\/ee\/wp-json\/wp\/v2\/posts"}],"about":[{"href":"https:\/\/www.europesays.com\/ee\/wp-json\/wp\/v2\/types\/post"}],"author":[{"embeddable":true,"href":"https:\/\/www.europesays.com\/ee\/wp-json\/wp\/v2\/users\/2"}],"replies":[{"embeddable":true,"href":"https:\/\/www.europesays.com\/ee\/wp-json\/wp\/v2\/comments?post=211641"}],"version-history":[{"count":0,"href":"https:\/\/www.europesays.com\/ee\/wp-json\/wp\/v2\/posts\/211641\/revisions"}],"wp:featuredmedia":[{"embeddable":true,"href":"https:\/\/www.europesays.com\/ee\/wp-json\/wp\/v2\/media\/211642"}],"wp:attachment":[{"href":"https:\/\/www.europesays.com\/ee\/wp-json\/wp\/v2\/media?parent=211641"}],"wp:term":[{"taxonomy":"category","embeddable":true,"href":"https:\/\/www.europesays.com\/ee\/wp-json\/wp\/v2\/categories?post=211641"},{"taxonomy":"post_tag","embeddable":true,"href":"https:\/\/www.europesays.com\/ee\/wp-json\/wp\/v2\/tags?post=211641"}],"curies":[{"name":"wp","href":"https:\/\/api.w.org\/{rel}","templated":true}]}}