{"id":211647,"date":"2026-06-23T16:14:14","date_gmt":"2026-06-23T16:14:14","guid":{"rendered":"https:\/\/www.europesays.com\/ee\/211647\/"},"modified":"2026-06-23T16:14:14","modified_gmt":"2026-06-23T16:14:14","slug":"tammeka-leegionarist-poolkaitsja-jatkab-karjaari-kasahstanis-premium-liiga","status":"publish","type":"post","link":"https:\/\/www.europesays.com\/ee\/211647\/","title":{"rendered":"Tammeka leegion\u00e4rist poolkaitsja j\u00e4tkab karj\u00e4\u00e4ri Kasahstanis | Premium liiga"},"content":{"rendered":"<p>Kaks ja pool aastat Tartu JK Tammeka rivistusse kuulunud Ghana poolkaitsja David Epton j\u00e4tkab karj\u00e4\u00e4ri Kasahstani k\u00f5rgliigas.<\/p>\n<p>&#8220;Ma t\u00e4nan Davidit k\u00f5va t\u00f6\u00f6 eest treeningutel ja v\u00f5istlusm\u00e4ngudes. David oli nende kahe ja poole aasta jooksul osaline mitmeski JK Tammeka ajalukku kuuluvas meeldej\u00e4\u00e4vas episoodis, n\u00e4iteks kuulus meeskonda, mis j\u00f5udis 2024. aastal Premium liigas viiendale kohale,&#8221; \u00fctles klubi tegevjuht Kristjan Tiirik kodulehek\u00fclje vahendusel.<\/p>\n<p>&#8220;N\u00fc\u00fcd j\u00e4tkub Davidi karj\u00e4\u00e4r poolte kokkuleppel Kasahstanis ja me soovime talle selleks uueks etapiks v\u00e4ga palju kordaminekuid!&#8221;<\/p>\n<p>Eptoni arvele j\u00e4i Eesti k\u00f5rgliigas 53 kohtumist ja kaks resultatiivset s\u00f6\u00f6tu. Samas oli tegemist ka v\u00e4ga kaardirohke palluriga, sest eelmisel hooajal n\u00e4idati talle koguni neljal korral punast kaarti.<\/p>\n<p>&#8220;Esiteks ja \u00fcle k\u00f5ige tahaksin \u00f6elda v\u00e4ga suured ait\u00e4hid treeneritele, klubi t\u00f6\u00f6tajatele, juhtkonnale, tiimikaaslastele ja toetajatele!&#8221; lausus Epton. &#8220;Tartu on koht, kus ma olen kasvanud jalgpallurina ja isiksusena.&#8221;<\/p>\n<p>&#8220;Olen t\u00e4nulik v\u00f5imaluste eest, \u00f5ppetundide eest ja samuti m\u00e4lestuste eest, mida jagan teiega. Ma t\u00e4nan teid k\u00f5iki, et olete uskunud minusse ja mind toetanud. Soovin sellele klubile suurt edu k\u00e4esolevaks hooajaks ja samuti pean end alati osaks sellest perekonnast!&#8221;<\/p>\n<p>Millises Kasahstani k\u00f5rgliiga klubis Eptoni karj\u00e4\u00e4r j\u00e4tkub, Tammeka ei t\u00e4psustanud.<\/p>\n","protected":false},"excerpt":{"rendered":"Kaks ja pool aastat Tartu JK Tammeka rivistusse kuulunud Ghana poolkaitsja David Epton j\u00e4tkab karj\u00e4\u00e4ri Kasahstani k\u00f5rgliigas. &#8220;Ma&hellip;\n","protected":false},"author":2,"featured_media":211648,"comment_status":"","ping_status":"","sticky":false,"template":"","format":"standard","meta":{"footnotes":"","_share_on_mastodon":"0"},"categories":[18],"tags":[12840,37,33,35,34,36,19896,159,158,1728],"class_list":["post-211647","post","type-post","status-publish","format-standard","has-post-thumbnail","category-sport","tag-david-epton","tag-ee","tag-eesti","tag-eesti-keel","tag-estonia","tag-estonian","tag-kristjan-tiirik","tag-sport","tag-sports","tag-tartu-jk-tammeka"],"share_on_mastodon":{"url":"https:\/\/pubeurope.com\/@ee\/116800314789986439","error":""},"_links":{"self":[{"href":"https:\/\/www.europesays.com\/ee\/wp-json\/wp\/v2\/posts\/211647","targetHints":{"allow":["GET"]}}],"collection":[{"href":"https:\/\/www.europesays.com\/ee\/wp-json\/wp\/v2\/posts"}],"about":[{"href":"https:\/\/www.europesays.com\/ee\/wp-json\/wp\/v2\/types\/post"}],"author":[{"embeddable":true,"href":"https:\/\/www.europesays.com\/ee\/wp-json\/wp\/v2\/users\/2"}],"replies":[{"embeddable":true,"href":"https:\/\/www.europesays.com\/ee\/wp-json\/wp\/v2\/comments?post=211647"}],"version-history":[{"count":0,"href":"https:\/\/www.europesays.com\/ee\/wp-json\/wp\/v2\/posts\/211647\/revisions"}],"wp:featuredmedia":[{"embeddable":true,"href":"https:\/\/www.europesays.com\/ee\/wp-json\/wp\/v2\/media\/211648"}],"wp:attachment":[{"href":"https:\/\/www.europesays.com\/ee\/wp-json\/wp\/v2\/media?parent=211647"}],"wp:term":[{"taxonomy":"category","embeddable":true,"href":"https:\/\/www.europesays.com\/ee\/wp-json\/wp\/v2\/categories?post=211647"},{"taxonomy":"post_tag","embeddable":true,"href":"https:\/\/www.europesays.com\/ee\/wp-json\/wp\/v2\/tags?post=211647"}],"curies":[{"name":"wp","href":"https:\/\/api.w.org\/{rel}","templated":true}]}}