{"id":211903,"date":"2026-06-24T05:34:07","date_gmt":"2026-06-24T05:34:07","guid":{"rendered":"https:\/\/www.europesays.com\/ee\/211903\/"},"modified":"2026-06-24T05:34:07","modified_gmt":"2026-06-24T05:34:07","slug":"sook-on-megakallis-kuidas-15-000-euroseks-plaanitud-pulmast-sai-22-000-eurone-projekt","status":"publish","type":"post","link":"https:\/\/www.europesays.com\/ee\/211903\/","title":{"rendered":"\u201eS\u00f6\u00f6k on megakallis\u201c. Kuidas 15 000-euroseks plaanitud pulmast sai 22 000-eurone projekt"},"content":{"rendered":"<p>Pulmakorraldaja <a rel=\"noopener nofollow\" target=\"_blank\" href=\"https:\/\/www.delfi.ee\/teema\/89191455\/egerta-mandmets\" tag-id=\"89191455\">Egerta M\u00e4ndmetsa<\/a> s\u00f5nul on hinnat\u00f5us j\u00f5udnud ka pulmaturule ning kvaliteetse peo korraldamine n\u00f5uab \u00fcha suuremat rahalist panust. \u201eSee on kahtlemata \u00fcks populaarsemaid k\u00fcsimusi ja sellele \u00fchest vastust anda ei saa. Nagu igas valdkonnas \u2013 kui palju maksab auto, korter v\u00f5i k\u00f6\u00f6gim\u00f6\u00f6bel? K\u00f5ik s\u00f5ltub soovidest, vajadustest ja v\u00f5imalustest,\u201c \u00fctleb ta. <\/p>\n<p>Tema s\u00f5nul v\u00f5ib v\u00e4ga v\u00e4ikese pulma korraldada umbes tuhande euroga, kuid \u00fclempiiri sisuliselt ei eksisteeri. K\u00f5ige kallim pulm, mida ta on korraldanud, maksis ligikaudu 130 000 eurot. <\/p>\n<p>Oled juba tellija?Logi sisse<\/p>\n<p><a href=\"https:\/\/arileht.delfi.ee\/artikkel\/120592220\/sook-on-megakallis-kuidas-15-000-euroseks-plaanitud-pulmast-sai-22-000-eurone-projekt\/kommentaarid\" class=\"article-body-bottom__comment article-body-bottom__comment--write button button--primary button--size-auto\" rel=\"nofollow noopener\" target=\"_blank\"> Kommenteeri <\/a><a href=\"https:\/\/arileht.delfi.ee\/artikkel\/120592220\/sook-on-megakallis-kuidas-15-000-euroseks-plaanitud-pulmast-sai-22-000-eurone-projekt\/kommentaarid\" class=\"article-body-bottom__comment article-body-bottom__comment--read button button--size-auto\" rel=\"nofollow noopener\" target=\"_blank\"> Loe kommentaare (10)<\/a><\/p>\n","protected":false},"excerpt":{"rendered":"Pulmakorraldaja Egerta M\u00e4ndmetsa s\u00f5nul on hinnat\u00f5us j\u00f5udnud ka pulmaturule ning kvaliteetse peo korraldamine n\u00f5uab \u00fcha suuremat rahalist panust.&hellip;\n","protected":false},"author":2,"featured_media":211904,"comment_status":"","ping_status":"","sticky":false,"template":"","format":"standard","meta":{"footnotes":"","_share_on_mastodon":"0"},"categories":[80],"tags":[26,27,37,33,35,86735,34,36,31,32,21,86736,28,29,95,19,25,5303,86734,23,24,22,20,30,92,93,94],"class_list":["post-211903","post","type-post","status-publish","format-standard","has-post-thumbnail","category-maailm","tag-breaking-news","tag-breakingnews","tag-ee","tag-eesti","tag-eesti-keel","tag-egerta-mandmets","tag-estonia","tag-estonian","tag-featured-news","tag-featurednews","tag-headlines","tag-kristiine-pajussaar","tag-latest-news","tag-latestnews","tag-maailm","tag-news","tag-populaarseimad-lood","tag-pulmad","tag-pulmade-korraldamine","tag-top-stories","tag-topstories","tag-uldised-uudised","tag-uudised","tag-viimased-uudised","tag-world","tag-world-news","tag-worldnews"],"share_on_mastodon":{"url":"https:\/\/pubeurope.com\/@ee\/116803460695398607","error":""},"_links":{"self":[{"href":"https:\/\/www.europesays.com\/ee\/wp-json\/wp\/v2\/posts\/211903","targetHints":{"allow":["GET"]}}],"collection":[{"href":"https:\/\/www.europesays.com\/ee\/wp-json\/wp\/v2\/posts"}],"about":[{"href":"https:\/\/www.europesays.com\/ee\/wp-json\/wp\/v2\/types\/post"}],"author":[{"embeddable":true,"href":"https:\/\/www.europesays.com\/ee\/wp-json\/wp\/v2\/users\/2"}],"replies":[{"embeddable":true,"href":"https:\/\/www.europesays.com\/ee\/wp-json\/wp\/v2\/comments?post=211903"}],"version-history":[{"count":0,"href":"https:\/\/www.europesays.com\/ee\/wp-json\/wp\/v2\/posts\/211903\/revisions"}],"wp:featuredmedia":[{"embeddable":true,"href":"https:\/\/www.europesays.com\/ee\/wp-json\/wp\/v2\/media\/211904"}],"wp:attachment":[{"href":"https:\/\/www.europesays.com\/ee\/wp-json\/wp\/v2\/media?parent=211903"}],"wp:term":[{"taxonomy":"category","embeddable":true,"href":"https:\/\/www.europesays.com\/ee\/wp-json\/wp\/v2\/categories?post=211903"},{"taxonomy":"post_tag","embeddable":true,"href":"https:\/\/www.europesays.com\/ee\/wp-json\/wp\/v2\/tags?post=211903"}],"curies":[{"name":"wp","href":"https:\/\/api.w.org\/{rel}","templated":true}]}}