{"id":211997,"date":"2026-06-24T08:53:10","date_gmt":"2026-06-24T08:53:10","guid":{"rendered":"https:\/\/www.europesays.com\/ee\/211997\/"},"modified":"2026-06-24T08:53:10","modified_gmt":"2026-06-24T08:53:10","slug":"roberto-carlos-neymar-muudab-brasiilia-paremaks","status":"publish","type":"post","link":"https:\/\/www.europesays.com\/ee\/211997\/","title":{"rendered":"Roberto Carlos: Neymar muudab Brasiilia paremaks"},"content":{"rendered":"<p>Jalgpalliportaal Goal kirjutab, et 2002. aasta MM-i v\u00f5itja oli kindel, et Brasiilia tase t\u00f5useb m\u00e4rkimisv\u00e4\u00e4rselt, kui nende talisman palliplatsile naaseb. Hoolimata ebakindlast alagrupiturniiri algusest, kus tehti viik 1:1 Marokoga ja v\u00f5ideti 3:0 Haitit, v\u00e4itis endine \u00e4\u00e4rekaitsja, et viiekordsete maailmameistrite jaoks on finaalikoht reaalne v\u00f5imalus.<\/p>\n<p>Kuigi meeskond pole veel t\u00e4isk\u00e4iku sisse saanud, n\u00e4hakse 34-aastase Neymari kohalolekus puuduvat puslet\u00fckki.<\/p>\n<p>\u201eMe ei ole veel suutnud oma parimat jalgpalli m\u00e4ngida, kuid v\u00e4hehaaval, nagu me maailmameistriv\u00f5istluste ajal alati \u00fctleme, me areneme. Me k\u00fcll ei tea, mis vormis Neymar on, kuid usun, et meeskond l\u00e4heb temaga palju paremaks,\u201c \u00fctles Carlos.<\/p>\n<p>\u201eVin\u00edcius on oma vormi tipus. Treener Carlo Ancelotti hoiab n\u00fc\u00fcd silma peal Matheus Cunhal, Endrickil. Kaitse on Marquinhose ja Gabrieliga kindel. Ehitame v\u00e4hehaaval parimat Brasiilia meeskonda, et j\u00f5uda v\u00f5imalikult kaugele.\u201c<\/p>\n<p>Ta lisas: \u201eV\u00f5ime j\u00f5uda selle meeskonnaga p\u00e4rast mitmeid aastaid taas finaali, mis oleks meie riigi jaoks v\u00e4ga oluline.\u201c<\/p>\n<p>Kuidas see lugu Sind end tundma pani? Saada <a href=\"https:\/\/sport.delfi.ee\/artikkel\/120592894\/roberto-carlos-neymar-muudab-brasiilia-paremaks\/kommentaarid\" class=\"article-body-bottom__comment article-body-bottom__comment--write button button--primary button--size-auto\" rel=\"nofollow noopener\" target=\"_blank\"> Kommenteeri <\/a><a href=\"https:\/\/sport.delfi.ee\/artikkel\/120592894\/roberto-carlos-neymar-muudab-brasiilia-paremaks\/kommentaarid\" class=\"article-body-bottom__comment article-body-bottom__comment--read button button--size-auto\" rel=\"nofollow noopener\" target=\"_blank\"> Loe kommentaare <\/a><\/p>\n","protected":false},"excerpt":{"rendered":"Jalgpalliportaal Goal kirjutab, et 2002. aasta MM-i v\u00f5itja oli kindel, et Brasiilia tase t\u00f5useb m\u00e4rkimisv\u00e4\u00e4rselt, kui nende talisman&hellip;\n","protected":false},"author":2,"featured_media":211998,"comment_status":"","ping_status":"","sticky":false,"template":"","format":"standard","meta":{"footnotes":"","_share_on_mastodon":"0"},"categories":[18],"tags":[37,33,35,34,36,29565,159,158],"class_list":["post-211997","post","type-post","status-publish","format-standard","has-post-thumbnail","category-sport","tag-ee","tag-eesti","tag-eesti-keel","tag-estonia","tag-estonian","tag-neymar","tag-sport","tag-sports"],"share_on_mastodon":{"url":"https:\/\/pubeurope.com\/@ee\/116804242859549890","error":""},"_links":{"self":[{"href":"https:\/\/www.europesays.com\/ee\/wp-json\/wp\/v2\/posts\/211997","targetHints":{"allow":["GET"]}}],"collection":[{"href":"https:\/\/www.europesays.com\/ee\/wp-json\/wp\/v2\/posts"}],"about":[{"href":"https:\/\/www.europesays.com\/ee\/wp-json\/wp\/v2\/types\/post"}],"author":[{"embeddable":true,"href":"https:\/\/www.europesays.com\/ee\/wp-json\/wp\/v2\/users\/2"}],"replies":[{"embeddable":true,"href":"https:\/\/www.europesays.com\/ee\/wp-json\/wp\/v2\/comments?post=211997"}],"version-history":[{"count":0,"href":"https:\/\/www.europesays.com\/ee\/wp-json\/wp\/v2\/posts\/211997\/revisions"}],"wp:featuredmedia":[{"embeddable":true,"href":"https:\/\/www.europesays.com\/ee\/wp-json\/wp\/v2\/media\/211998"}],"wp:attachment":[{"href":"https:\/\/www.europesays.com\/ee\/wp-json\/wp\/v2\/media?parent=211997"}],"wp:term":[{"taxonomy":"category","embeddable":true,"href":"https:\/\/www.europesays.com\/ee\/wp-json\/wp\/v2\/categories?post=211997"},{"taxonomy":"post_tag","embeddable":true,"href":"https:\/\/www.europesays.com\/ee\/wp-json\/wp\/v2\/tags?post=211997"}],"curies":[{"name":"wp","href":"https:\/\/api.w.org\/{rel}","templated":true}]}}