{"id":212034,"date":"2026-06-24T10:21:10","date_gmt":"2026-06-24T10:21:10","guid":{"rendered":"https:\/\/www.europesays.com\/ee\/212034\/"},"modified":"2026-06-24T10:21:10","modified_gmt":"2026-06-24T10:21:10","slug":"rekordimees-ronaldo-ma-olen-tagasi-jalgpalli-mm","status":"publish","type":"post","link":"https:\/\/www.europesays.com\/ee\/212034\/","title":{"rendered":"Rekordimees Ronaldo: ma olen tagasi | Jalgpalli MM"},"content":{"rendered":"<p>&#8220;Ma olen tagasi!&#8221; Nende s\u00f5nadega t\u00e4histas Cristiano Ronaldo kahte v\u00e4ravat Portugali 5:0 v\u00f5idum\u00e4ngus Usbekistani \u00fcle. Hiljem selgitas ta, et s\u00f5num oli m\u00f5eldud kriitikutele.<\/p>\n<p>Ronaldo avas kohtumises skoori juba kuuendal minutil ning sai kirja enne poolajavilet veel \u00fche tabamuse. Kahe v\u00e4ravaga p\u00fcstitas ta uue rekordi, saades esimeseks jalgpalluriks, kes on l\u00f6\u00f6nud v\u00e4rava kuuel erineval suurturniiril.<\/p>\n<p>P\u00e4rast kohtumist selgitas Ronaldo, et tema h\u00fc\u00fcatus oli suunatud kriitikutele, kes olid temas p\u00e4rast Portugali avam\u00e4ngu kahtlema hakanud. &#8220;See oli lihtsalt selleks, et nad ei unustaks. Ma olen \u00fcrofitasemel jalgpalli m\u00e4nginud juba 23 aastat,&#8221; \u00fctles ta.<\/p>\n<p>Portugallane r\u00f5hutas, et isiklikud saavutused pole tema jaoks k\u00f5ige t\u00e4htsamad. &#8220;Olen v\u00e4ga \u00f5nnelik, kuid k\u00f5ige olulisem on meeskonna tehtud t\u00f6\u00f6 ja enesekindlus, mille see v\u00f5it meile andis. Isiklikud rekordid on alati toredad, kuid minu eesm\u00e4rk on aidata meeskonnal oma eesm\u00e4rke saavutada,&#8221; s\u00f5nas ta.<\/p>\n<p>Ronaldo tunnistas, et Portugali jaoks oli avam\u00e4ngule j\u00e4rgnenud n\u00e4dal keeruline. Meeskond pidi p\u00e4rast 1:1 viiki Democratic Republic of the Congoga toime tulema nii kriitika kui ka keeruliste oludega.<\/p>\n<p>&#8220;See oli raske n\u00e4dal, kuid me uskusime oma t\u00f6\u00f6sse. Arenesime meeskonnana, saime emotsioonidest \u00fcle ja andsime endast parima. Me oleme tagasi,&#8221; \u00fctles portugallane.<\/p>\n<p>Portugali peatreener Roberto Martinez leidis samuti, et p\u00e4rast avam\u00e4ngu saadud kriitika oli meeskonna suhtes eba\u00f5iglane. Tema s\u00f5nul n\u00e4itas Ronaldo keerulisel perioodil eeskuju nii v\u00e4ljakul kui ka riietusruumis.<\/p>\n<p>&#8220;Cristiano oli suurep\u00e4rane kapten. Ta kasutas oma kogemusi, sest see pole esimene kord, kui ta sellise olukorraga silmitsi seisab. Ta t\u00f6\u00f6tab iga p\u00e4ev k\u00f5vasti ja p\u00fc\u00fcab igas treeningus paremaks saada,&#8221; \u00fctles Martinez.<\/p>\n<p>Portugal l\u00f5petab alagrupiturniiri kohtumisega Kolumbia vastu, kus selgub K-alagrupi v\u00f5itja.<\/p>\n","protected":false},"excerpt":{"rendered":"&#8220;Ma olen tagasi!&#8221; Nende s\u00f5nadega t\u00e4histas Cristiano Ronaldo kahte v\u00e4ravat Portugali 5:0 v\u00f5idum\u00e4ngus Usbekistani \u00fcle. Hiljem selgitas ta,&hellip;\n","protected":false},"author":2,"featured_media":212035,"comment_status":"","ping_status":"","sticky":false,"template":"","format":"standard","meta":{"footnotes":"","_share_on_mastodon":"0"},"categories":[18],"tags":[3887,37,33,35,34,36,10716,54108,159,158],"class_list":["post-212034","post","type-post","status-publish","format-standard","has-post-thumbnail","category-sport","tag-cristiano-ronaldo","tag-ee","tag-eesti","tag-eesti-keel","tag-estonia","tag-estonian","tag-portugali-jalgpallikoondis","tag-roberto-martinez","tag-sport","tag-sports"],"share_on_mastodon":{"url":"https:\/\/pubeurope.com\/@ee\/116804589031071862","error":""},"_links":{"self":[{"href":"https:\/\/www.europesays.com\/ee\/wp-json\/wp\/v2\/posts\/212034","targetHints":{"allow":["GET"]}}],"collection":[{"href":"https:\/\/www.europesays.com\/ee\/wp-json\/wp\/v2\/posts"}],"about":[{"href":"https:\/\/www.europesays.com\/ee\/wp-json\/wp\/v2\/types\/post"}],"author":[{"embeddable":true,"href":"https:\/\/www.europesays.com\/ee\/wp-json\/wp\/v2\/users\/2"}],"replies":[{"embeddable":true,"href":"https:\/\/www.europesays.com\/ee\/wp-json\/wp\/v2\/comments?post=212034"}],"version-history":[{"count":0,"href":"https:\/\/www.europesays.com\/ee\/wp-json\/wp\/v2\/posts\/212034\/revisions"}],"wp:featuredmedia":[{"embeddable":true,"href":"https:\/\/www.europesays.com\/ee\/wp-json\/wp\/v2\/media\/212035"}],"wp:attachment":[{"href":"https:\/\/www.europesays.com\/ee\/wp-json\/wp\/v2\/media?parent=212034"}],"wp:term":[{"taxonomy":"category","embeddable":true,"href":"https:\/\/www.europesays.com\/ee\/wp-json\/wp\/v2\/categories?post=212034"},{"taxonomy":"post_tag","embeddable":true,"href":"https:\/\/www.europesays.com\/ee\/wp-json\/wp\/v2\/tags?post=212034"}],"curies":[{"name":"wp","href":"https:\/\/api.w.org\/{rel}","templated":true}]}}