{"id":212095,"date":"2026-06-24T11:48:09","date_gmt":"2026-06-24T11:48:09","guid":{"rendered":"https:\/\/www.europesays.com\/ee\/212095\/"},"modified":"2026-06-24T11:48:09","modified_gmt":"2026-06-24T11:48:09","slug":"fotod-sajad-inimesed-pidulik-kontsert-ja-suur-loke-maardu-jaanitulel-kais-tants-ja-trall-hiliste-ootundideni","status":"publish","type":"post","link":"https:\/\/www.europesays.com\/ee\/212095\/","title":{"rendered":"FOTOD | Sajad inimesed, pidulik kontsert ja suur l\u00f5ke! Maardu jaanitulel k\u00e4is tants ja trall hiliste \u00f6\u00f6tundideni"},"content":{"rendered":"<p>Maardu linna tasuta jaanipidu algas kell 20. \u00dcritusele saabusid v\u00e4iksemad ja suuremad seltskonnad nii s\u00f5prade kui ka peredega. Soe ja sajuta ilm soosis \u00f5dusat olemist, mida v\u00f5is v\u00e4lja lugeda r\u00f5\u00f5msate ja rahulolevate inimeste n\u00e4gudest. Seltskonnad nautisid naerusuil kaasa v\u00f5etud head ja paremat. Loomulikult ei puudunud \u00fcrituselt ka krutskeid t\u00e4is joviaalses seisundis noori.<\/p>\n<p>Kell 21.00 lausus Maardu linnapea Aurika Sin-Kerra tervituss\u00f5nad, millele j\u00e4rgnes jaanil\u00f5kke pidulik s\u00fc\u00fctamine. Kell 21.15 vallutasid lava duetupartnerid Anni ja Martin M\u00fcller. P\u00e4rast pausi astus kell 22 lavale ansambel Viavi, kelle muusika saatel rahvas end m\u00f5nusalt tundis. S\u00fcda\u00f6\u00f6l v\u00f5ttis muusika m\u00e4ngimise \u00fcle MC DJ DEN KARABLJOFF, kes keerutas plaate kuni kella \u00fcheni \u00f6\u00f6sel. <\/p>\n<p>Oled juba tellija?Logi sisse<\/p>\n<p><a href=\"https:\/\/kroonika.delfi.ee\/artikkel\/120592922\/fotod-sajad-inimesed-pidulik-kontsert-ja-suur-loke-maardu-jaanitulel-kais-tants-ja-trall-hiliste-ootundideni\/kommentaarid\" class=\"article-body-bottom__comment article-body-bottom__comment--write button button--primary button--size-auto\" rel=\"nofollow noopener\" target=\"_blank\"> Kommenteeri <\/a><a href=\"https:\/\/kroonika.delfi.ee\/artikkel\/120592922\/fotod-sajad-inimesed-pidulik-kontsert-ja-suur-loke-maardu-jaanitulel-kais-tants-ja-trall-hiliste-ootundideni\/kommentaarid\" class=\"article-body-bottom__comment article-body-bottom__comment--read button button--size-auto\" rel=\"nofollow noopener\" target=\"_blank\"> Loe kommentaare (2)<\/a><\/p>\n","protected":false},"excerpt":{"rendered":"Maardu linna tasuta jaanipidu algas kell 20. \u00dcritusele saabusid v\u00e4iksemad ja suuremad seltskonnad nii s\u00f5prade kui ka peredega.&hellip;\n","protected":false},"author":2,"featured_media":212096,"comment_status":"","ping_status":"","sticky":false,"template":"","format":"standard","meta":{"footnotes":"","_share_on_mastodon":"0"},"categories":[16],"tags":[37,33,35,173,34,36,50041,949,140],"class_list":["post-212095","post","type-post","status-publish","format-standard","has-post-thumbnail","category-meelelahutus","tag-ee","tag-eesti","tag-eesti-keel","tag-entertainment","tag-estonia","tag-estonian","tag-jaanituli","tag-maardu","tag-meelelahutus"],"share_on_mastodon":{"url":"https:\/\/pubeurope.com\/@ee\/116804931280906752","error":""},"_links":{"self":[{"href":"https:\/\/www.europesays.com\/ee\/wp-json\/wp\/v2\/posts\/212095","targetHints":{"allow":["GET"]}}],"collection":[{"href":"https:\/\/www.europesays.com\/ee\/wp-json\/wp\/v2\/posts"}],"about":[{"href":"https:\/\/www.europesays.com\/ee\/wp-json\/wp\/v2\/types\/post"}],"author":[{"embeddable":true,"href":"https:\/\/www.europesays.com\/ee\/wp-json\/wp\/v2\/users\/2"}],"replies":[{"embeddable":true,"href":"https:\/\/www.europesays.com\/ee\/wp-json\/wp\/v2\/comments?post=212095"}],"version-history":[{"count":0,"href":"https:\/\/www.europesays.com\/ee\/wp-json\/wp\/v2\/posts\/212095\/revisions"}],"wp:featuredmedia":[{"embeddable":true,"href":"https:\/\/www.europesays.com\/ee\/wp-json\/wp\/v2\/media\/212096"}],"wp:attachment":[{"href":"https:\/\/www.europesays.com\/ee\/wp-json\/wp\/v2\/media?parent=212095"}],"wp:term":[{"taxonomy":"category","embeddable":true,"href":"https:\/\/www.europesays.com\/ee\/wp-json\/wp\/v2\/categories?post=212095"},{"taxonomy":"post_tag","embeddable":true,"href":"https:\/\/www.europesays.com\/ee\/wp-json\/wp\/v2\/tags?post=212095"}],"curies":[{"name":"wp","href":"https:\/\/api.w.org\/{rel}","templated":true}]}}