{"id":212300,"date":"2026-06-24T17:12:12","date_gmt":"2026-06-24T17:12:12","guid":{"rendered":"https:\/\/www.europesays.com\/ee\/212300\/"},"modified":"2026-06-24T17:12:12","modified_gmt":"2026-06-24T17:12:12","slug":"klops-palju-onne-lauljatar-svndra-ootab-esimest-last","status":"publish","type":"post","link":"https:\/\/www.europesays.com\/ee\/212300\/","title":{"rendered":"KL\u00d5PS | Palju \u00f5nne! Lauljatar SVNDRA ootab esimest last"},"content":{"rendered":"<p>Kohtla-J\u00e4rvelt p\u00e4rit, kuid juba \u00fcle k\u00fcmne aasta USAs elanud lauljatar <a rel=\"noopener nofollow\" target=\"_blank\" href=\"https:\/\/www.delfi.ee\/teema\/96861548\/svndra\" tag-id=\"96861548\">SVNDRA<\/a> astus  paari tunni eest esimese esinejana \u00fcles Tallinna lauluv\u00e4ljakul aset leidval Tallinna jaanitulel. Lauljanna kandis laval s\u00e4rgist ja dressip\u00fckstest koosnevat mugavat komplekti n\u00f5nda, et tema \u00fcles keritud s\u00e4rk paljastas tema kasvava beebik\u00f5hu. <\/p>\n<p><img decoding=\"async\" src=\"https:\/\/www.europesays.com\/ee\/wp-content\/uploads\/2026\/06\/4fa171cc-d95c-4e7f-af68-6e33807a5e3d.jpg\" loading=\"lazy\" alt=\"SVNDRA Tallinna jaanitulel esinemas\"\/><\/p>\n<p>P\u00e4rast s\u00f5ud kinnitas SVNDRA Kroonikale, et teda v\u00f5ib t\u00f5epoolest perelisa puhul \u00f5nnitleda.<\/p>\n<p>Kuigi enne esinemist polnud SVNDRA \u00fchismeedias lapseootusest teada andnud, siis p\u00e4rast \u00fclesastumist ilmus sinna foto temast \u00fcksi kui ka koos taustatantsijate ja tugimeeskonnaga. Fotodel ei varja lauljanna enam sugugi oma muutunud kehavorme. \u201eHoian figuuri,\u201c seisis jagatud piltide k\u00f5rval kirjas. <\/p>\n<p>SVNDRA r\u00e4\u00e4kis kahe aasta eest Kroonikale, et esialgu kolis ta USAsse selleks, et teha tantsijakarj\u00e4\u00e4ri, kuid n\u00fc\u00fcd on ta rohkem keskendunud nii eesti- kui ingliskeelse muusika loomisele, aga ka ettev\u00f5tlusele. Pideva USA-Eesti vahet k\u00e4imise t\u00f5ttu j\u00e4i tal aastate eest isegi kool pooleli, ent selliseid valikuid ta ei propageeri. \u201eMis ma selle bioloogiatunniga teen, kui ma tantsija olla tahan,\u201c meenutas ta oma toonast m\u00f5ttek\u00e4iku. \u201eMa teadsin juba v\u00e4ga noorena, mida ma teha tahan.\u201c<\/p>\n<p>Enam kui k\u00fcmme aastat elas SVNDRA Los Angeleses, kuid paari aasta eest seadis ta end sisse Austinis, Texases. Elukohta vahetas ta peamiselt seet\u00f5ttu, et Texases on odavam elada. N\u00fc\u00fcdseks on lauljanna leidnud pere\u00f5nne kallima Jake Ericksoniga, kes on tema \u00fchismeedias korduvalt figureerinud. N\u00fc\u00fcd valmistuvad armunud vastu v\u00f5tma oma esiklast.<\/p>\n<p>Kuidas see lugu Sind end tundma pani? Saada <\/p>\n","protected":false},"excerpt":{"rendered":"Kohtla-J\u00e4rvelt p\u00e4rit, kuid juba \u00fcle k\u00fcmne aasta USAs elanud lauljatar SVNDRA astus paari tunni eest esimese esinejana \u00fcles&hellip;\n","protected":false},"author":2,"featured_media":212301,"comment_status":"","ping_status":"","sticky":false,"template":"","format":"standard","meta":{"footnotes":"","_share_on_mastodon":"0"},"categories":[16],"tags":[37,33,35,173,34,36,140,86856,37138],"class_list":["post-212300","post","type-post","status-publish","format-standard","has-post-thumbnail","category-meelelahutus","tag-ee","tag-eesti","tag-eesti-keel","tag-entertainment","tag-estonia","tag-estonian","tag-meelelahutus","tag-sandra-villacis","tag-svndra"],"share_on_mastodon":{"url":"https:\/\/pubeurope.com\/@ee\/116806205486727483","error":""},"_links":{"self":[{"href":"https:\/\/www.europesays.com\/ee\/wp-json\/wp\/v2\/posts\/212300","targetHints":{"allow":["GET"]}}],"collection":[{"href":"https:\/\/www.europesays.com\/ee\/wp-json\/wp\/v2\/posts"}],"about":[{"href":"https:\/\/www.europesays.com\/ee\/wp-json\/wp\/v2\/types\/post"}],"author":[{"embeddable":true,"href":"https:\/\/www.europesays.com\/ee\/wp-json\/wp\/v2\/users\/2"}],"replies":[{"embeddable":true,"href":"https:\/\/www.europesays.com\/ee\/wp-json\/wp\/v2\/comments?post=212300"}],"version-history":[{"count":0,"href":"https:\/\/www.europesays.com\/ee\/wp-json\/wp\/v2\/posts\/212300\/revisions"}],"wp:featuredmedia":[{"embeddable":true,"href":"https:\/\/www.europesays.com\/ee\/wp-json\/wp\/v2\/media\/212301"}],"wp:attachment":[{"href":"https:\/\/www.europesays.com\/ee\/wp-json\/wp\/v2\/media?parent=212300"}],"wp:term":[{"taxonomy":"category","embeddable":true,"href":"https:\/\/www.europesays.com\/ee\/wp-json\/wp\/v2\/categories?post=212300"},{"taxonomy":"post_tag","embeddable":true,"href":"https:\/\/www.europesays.com\/ee\/wp-json\/wp\/v2\/tags?post=212300"}],"curies":[{"name":"wp","href":"https:\/\/api.w.org\/{rel}","templated":true}]}}