{"id":212328,"date":"2026-06-24T18:07:10","date_gmt":"2026-06-24T18:07:10","guid":{"rendered":"https:\/\/www.europesays.com\/ee\/212328\/"},"modified":"2026-06-24T18:07:10","modified_gmt":"2026-06-24T18:07:10","slug":"fotod-jaaniloke-loomab-meeleolu-loovad-armastatud-artistid-lauluvaljakul-leiab-aset-tallinna-jaanituli","status":"publish","type":"post","link":"https:\/\/www.europesays.com\/ee\/212328\/","title":{"rendered":"FOTOD | Jaanil\u00f5ke l\u00f5\u00f5mab, meeleolu loovad armastatud artistid! Lauluv\u00e4ljakul leiab aset Tallinna jaanituli"},"content":{"rendered":"<p>Pealinlastel pole sel aastal tarvis jaanideks teise Eestimaa otsa s\u00f5ita, vaid linna suurim jaanituli tuli neile praktiliselt koju k\u00e4tte. Kiiremad huvilised said jaanipeo pileti endale soetada k\u00fcmne euro eest. Alates 20. juunist tuli pileti eest v\u00e4lja k\u00e4ia 15 eurot. Seejuures saavad lapsed kuni 7. eluaastani (k.a) peole piletiraha maksmata.<\/p>\n<p>Lauluv\u00e4ljaku uksed avati k\u00fclastajatele juba kella kahest p\u00e4eval. Paistab, et ilmataadiga on kokkulepped tehtud, sest paremaid tingimusi jaanipeo pidamiseks on keeruline soovida \u2013 vihma ei tule ning soojakraade pole liialt palju ega ka liiga v\u00e4he. Mida rohkem aeg \u00f5htusse veereb, seda enam suureneb alale sisenevate piduliste hulk.<\/p>\n<p>Oled juba tellija?Logi sisse<\/p>\n<p><a href=\"https:\/\/kroonika.delfi.ee\/artikkel\/120592947\/otsefotod-jaaniloke-votab-tuld-meeleolu-loob-smilers-lauluvaljakul-kogub-hoogu-tallinna-jaanituli\/kommentaarid\" class=\"article-body-bottom__comment article-body-bottom__comment--write button button--primary button--size-auto\" rel=\"nofollow noopener\" target=\"_blank\"> Kommenteeri <\/a><a href=\"https:\/\/kroonika.delfi.ee\/artikkel\/120592947\/otsefotod-jaaniloke-votab-tuld-meeleolu-loob-smilers-lauluvaljakul-kogub-hoogu-tallinna-jaanituli\/kommentaarid\" class=\"article-body-bottom__comment article-body-bottom__comment--read button button--size-auto\" rel=\"nofollow noopener\" target=\"_blank\"> Loe kommentaare (37)<\/a><\/p>\n","protected":false},"excerpt":{"rendered":"Pealinlastel pole sel aastal tarvis jaanideks teise Eestimaa otsa s\u00f5ita, vaid linna suurim jaanituli tuli neile praktiliselt koju&hellip;\n","protected":false},"author":2,"featured_media":212329,"comment_status":"","ping_status":"","sticky":false,"template":"","format":"standard","meta":{"footnotes":"","_share_on_mastodon":"0"},"categories":[16],"tags":[28108,37,33,35,173,34,36,140,86856,28105,37138,12349,242],"class_list":["post-212328","post","type-post","status-publish","format-standard","has-post-thumbnail","category-meelelahutus","tag-2-quick-start","tag-ee","tag-eesti","tag-eesti-keel","tag-entertainment","tag-estonia","tag-estonian","tag-meelelahutus","tag-sandra-villacis","tag-smilers","tag-svndra","tag-tallinna-lauluvaljak","tag-tommy-cash"],"share_on_mastodon":{"url":"https:\/\/pubeurope.com\/@ee\/116806421351255888","error":""},"_links":{"self":[{"href":"https:\/\/www.europesays.com\/ee\/wp-json\/wp\/v2\/posts\/212328","targetHints":{"allow":["GET"]}}],"collection":[{"href":"https:\/\/www.europesays.com\/ee\/wp-json\/wp\/v2\/posts"}],"about":[{"href":"https:\/\/www.europesays.com\/ee\/wp-json\/wp\/v2\/types\/post"}],"author":[{"embeddable":true,"href":"https:\/\/www.europesays.com\/ee\/wp-json\/wp\/v2\/users\/2"}],"replies":[{"embeddable":true,"href":"https:\/\/www.europesays.com\/ee\/wp-json\/wp\/v2\/comments?post=212328"}],"version-history":[{"count":0,"href":"https:\/\/www.europesays.com\/ee\/wp-json\/wp\/v2\/posts\/212328\/revisions"}],"wp:featuredmedia":[{"embeddable":true,"href":"https:\/\/www.europesays.com\/ee\/wp-json\/wp\/v2\/media\/212329"}],"wp:attachment":[{"href":"https:\/\/www.europesays.com\/ee\/wp-json\/wp\/v2\/media?parent=212328"}],"wp:term":[{"taxonomy":"category","embeddable":true,"href":"https:\/\/www.europesays.com\/ee\/wp-json\/wp\/v2\/categories?post=212328"},{"taxonomy":"post_tag","embeddable":true,"href":"https:\/\/www.europesays.com\/ee\/wp-json\/wp\/v2\/tags?post=212328"}],"curies":[{"name":"wp","href":"https:\/\/api.w.org\/{rel}","templated":true}]}}