{"id":212334,"date":"2026-06-24T18:19:11","date_gmt":"2026-06-24T18:19:11","guid":{"rendered":"https:\/\/www.europesays.com\/ee\/212334\/"},"modified":"2026-06-24T18:19:11","modified_gmt":"2026-06-24T18:19:11","slug":"vetkali-ja-kuyti-teed-laksid-lahku-sest-legendaarne-hollandlane-siirdub-turgi-tippklubisse-soccernet-ee","status":"publish","type":"post","link":"https:\/\/www.europesays.com\/ee\/212334\/","title":{"rendered":"Vetkali ja Kuyti teed l\u00e4ksid lahku, sest legendaarne hollandlane siirdub T\u00fcrgi tippklubisse &#8211; Soccernet.ee"},"content":{"rendered":"<p><img decoding=\"async\" src=\"https:\/\/www.europesays.com\/ee\/wp-content\/uploads\/2026\/06\/1782320577.jpg\" alt=\"Martin Vetkal. Foto: Liisi Troska \/ jalgpall.ee\"\/>&#13;\n<\/p>\n<p>Eesti poolkaitsja Martin Vetkali koduklubi Dordrecht teatas, et eelmisel hooajal meeskonda juhendanud Dirk Kuyt lahkus klubist.<\/p>\n<p>Kuyt liitus Dordrechtiga mullu suvel ja pikendas t\u00e4navu aprillis klubiga lepingut kahe aasta v\u00f5rra. Dordrecht sai Kuyti juhendamisel eelmisel hooajal Hollandi esiliigas k\u00fcmnenda koha, kuid uuele hooajale minnakse vastu uue peatreeneriga, sest Kuyt siirdub T\u00fcrgi k\u00f5rgliigasse Fenerbahcesse abitreeneriks. Dordrecht ei ole uut peatreenerit veel avalikustanud.&#13;\n<\/p>\n<p>Vetkal oli Kuyti k\u00e4e all p\u00f5him\u00e4ngija, saades kirja 32 liigam\u00e4ngu ja olles v\u00e4ljakul ligi 2000 minutit. Rohkem m\u00e4nguaega said vaid kolm m\u00e4ngijat. Vetkal r\u00e4\u00e4kis p\u00e4rast hooaja l\u00f5ppu <a href=\"https:\/\/soccernet.ee\/artikkel\/kuyti-kae-all-debuuthooaja-lopetanud-vetkal-positiivne-ja-monus-tunne-aga-suudan-rohkemat-kui-ainult-uks-varavasoot\" target=\"https:\/\/soccernet.ee\/artikkel\/kuyti-kae-all-debuuthooaja-lopetanud-vetkal-positiivne-ja-monus-tunne-aga-suudan-rohkemat-kui-ainult-uks-varavasoot\" rel=\"nofollow noopener\">Soccernet.ee-le<\/a>, et 45-aastane Kuyt on m\u00e4ngijas\u00f5bralik treener \u2013 kui on vaja s\u00f5ber olla, siis ta on s\u00f5ber, aga kui on vaja k\u00f5vasti t\u00f6\u00f6d teha, siis tuleb k\u00f5vasti t\u00f6\u00f6d teha.&#13;\n<\/p>\n<p>&#8220;Ta on h\u00e4sti avatud treener ja suhtleb h\u00e4sti palju m\u00e4ngijatega. Ma arvan, et see on tulnud sellest, et ta on ise nii k\u00f5rgel tasemel m\u00e4nginud ja oskab ennast panna m\u00e4ngija olukorda. Kui m\u00f5ni poiss tuleb trenni ja on natuke liimist lahti, siis ta alati tuleb naeratusega juurde ja k\u00fcsib, mis on juhtunud. Vahepeal on olnud ka niimoodi, et kui m\u00f5ni poiss ei tunne ennast k\u00f5ige paremini, siis ta on lasknud m\u00f5neks p\u00e4evaks koju, et tuleks motiveerituna tagasi ja annaks endast v\u00e4ljakul parima,&#8221; kirjeldas Vetkal Kuyti, kelle m\u00e4ngijakarj\u00e4\u00e4ri parimad aastad m\u00f6\u00f6dusid Liverpoolis. Lisaks m\u00e4ngis Kuyt Utrechtis, Feyenoordis ja Fenerbahces ning l\u00f5i Hollandi koondise eest 104 m\u00e4nguga 24 v\u00e4ravat.<\/p>\n<p>Fenerbahce palkas hiljuti uueks peatreeneriks Ismail Kartali, kes oli samas ametis esimest korda aastatel 2014-2015 ja hiljem veel kahel erineval perioodil. Tema \u00fcheks abitreeneriks saab Kuyt, kes kuulus m\u00e4ngijana Fenerbahce ridadesse aastatel 2012-2015 ehk Kuyt on Kartali k\u00e4e all m\u00e4nginud. J\u00e4rgmisel hooajal on nad koos treeneritetiimis.&#13;\n<\/p>\n<p>Fenerbahce sai eelmisel hooajal T\u00fcrgi k\u00f5rgliigas teise koha, kaotades meistriks kroonitud Galatasarayle kolme punktiga. Eelmine peatreener Domenico Tedesco vallandati kolm vooru enne hooaja l\u00f5ppu p\u00e4rast 0:3 kaotust Galatasarayle ja viimastes m\u00e4ngudes juhendas meeskonda peatreeneri kohuset\u00e4itja\u00a0Zeki Murat G\u00f6le.&#13;\n<\/p>\n<blockquote class=\"instagram-media\" data-instgrm-captioned=\"\" data-instgrm-permalink=\"https:\/\/www.instagram.com\/p\/DZ-Vp3Dox-u\/?utm_source=ig_embed&amp;utm_campaign=loading\" data-instgrm-version=\"14\" style=\" background:#FFF; border:0; border-radius:3px; box-shadow:0 0 1px 0 rgba(0,0,0,0.5),0 1px 10px 0 rgba(0,0,0,0.15); margin: 1px; max-width:540px; min-width:326px; padding:0; width:99.375%; width:-webkit-calc(100% - 2px); width:calc(100% - 2px);\"><p>&#13;<br \/>\n&#13;\n<\/p><\/blockquote>\n<p>          <script async src=\"\/\/www.instagram.com\/embed.js\"><\/script><\/p>\n","protected":false},"excerpt":{"rendered":"&#13; Eesti poolkaitsja Martin Vetkali koduklubi Dordrecht teatas, et eelmisel hooajal meeskonda juhendanud Dirk Kuyt lahkus klubist. Kuyt&hellip;\n","protected":false},"author":2,"featured_media":212335,"comment_status":"","ping_status":"","sticky":false,"template":"","format":"standard","meta":{"footnotes":"","_share_on_mastodon":"0"},"categories":[18],"tags":[73012,4971,37,33,35,34,36,16869,1356,6476,86871,86872,73013,4973,159,158,329,4976],"class_list":["post-212334","post","type-post","status-publish","format-standard","has-post-thumbnail","category-sport","tag-dirk-kuyt","tag-dordrecht","tag-ee","tag-eesti","tag-eesti-keel","tag-estonia","tag-estonian","tag-fenerbahce","tag-holland","tag-hollandi-esiliiga","tag-ismail-kartal","tag-kartal","tag-kuyt","tag-martin-vetkal","tag-sport","tag-sports","tag-turgi","tag-vetkal"],"share_on_mastodon":{"url":"https:\/\/pubeurope.com\/@ee\/116806468802509297","error":""},"_links":{"self":[{"href":"https:\/\/www.europesays.com\/ee\/wp-json\/wp\/v2\/posts\/212334","targetHints":{"allow":["GET"]}}],"collection":[{"href":"https:\/\/www.europesays.com\/ee\/wp-json\/wp\/v2\/posts"}],"about":[{"href":"https:\/\/www.europesays.com\/ee\/wp-json\/wp\/v2\/types\/post"}],"author":[{"embeddable":true,"href":"https:\/\/www.europesays.com\/ee\/wp-json\/wp\/v2\/users\/2"}],"replies":[{"embeddable":true,"href":"https:\/\/www.europesays.com\/ee\/wp-json\/wp\/v2\/comments?post=212334"}],"version-history":[{"count":0,"href":"https:\/\/www.europesays.com\/ee\/wp-json\/wp\/v2\/posts\/212334\/revisions"}],"wp:featuredmedia":[{"embeddable":true,"href":"https:\/\/www.europesays.com\/ee\/wp-json\/wp\/v2\/media\/212335"}],"wp:attachment":[{"href":"https:\/\/www.europesays.com\/ee\/wp-json\/wp\/v2\/media?parent=212334"}],"wp:term":[{"taxonomy":"category","embeddable":true,"href":"https:\/\/www.europesays.com\/ee\/wp-json\/wp\/v2\/categories?post=212334"},{"taxonomy":"post_tag","embeddable":true,"href":"https:\/\/www.europesays.com\/ee\/wp-json\/wp\/v2\/tags?post=212334"}],"curies":[{"name":"wp","href":"https:\/\/api.w.org\/{rel}","templated":true}]}}