{"id":212646,"date":"2026-06-25T04:44:10","date_gmt":"2026-06-25T04:44:10","guid":{"rendered":"https:\/\/www.europesays.com\/ee\/212646\/"},"modified":"2026-06-25T04:44:10","modified_gmt":"2026-06-25T04:44:10","slug":"odavad-aiakaubad-saavad-juulist-uue-hinnasildi-ostubuumi-see-toenaoliselt-ei-peata","status":"publish","type":"post","link":"https:\/\/www.europesays.com\/ee\/212646\/","title":{"rendered":"Odavad aiakaubad saavad juulist uue hinnasildi. Ostubuumi see t\u00f5en\u00e4oliselt ei peata"},"content":{"rendered":"<p>Alates 1. juulist hakkab Euroopa Liidus kehtima uus v\u00e4ikesaadetiste tollimaks, mis m\u00f5jutab k\u00f5iki Euroopa Liidu v\u00e4listest e-poodidest tellitud kaupu. See t\u00e4hendab seda, et kui n\u00e4iteks aias\u00f5ber tellib v\u00e4lismaisest odavpoest aiatuled, m\u00f5ne t\u00f6\u00f6riista v\u00f5i dekoratsiooni, lisandub igale esemele 3-eurone tollimaks.<\/p>\n<p class=\"isSelectedEnd\">Omniva kommertsjuhi Sven Kukemelki s\u00f5nul on muudatuse puhul m\u00e4\u00e4ravaks kauba tollimise, mitte tellimuse esitamise kuup\u00e4ev.<\/p>\n","protected":false},"excerpt":{"rendered":"Alates 1. juulist hakkab Euroopa Liidus kehtima uus v\u00e4ikesaadetiste tollimaks, mis m\u00f5jutab k\u00f5iki Euroopa Liidu v\u00e4listest e-poodidest tellitud&hellip;\n","protected":false},"author":2,"featured_media":212647,"comment_status":"","ping_status":"","sticky":false,"template":"","format":"standard","meta":{"footnotes":"","_share_on_mastodon":"0"},"categories":[12],"tags":[2888,1981,26,27,37,33,35,34,36,590,31,32,21,86932,28,29,19,254,25,3389,8823,23,24,22,20,86931,30],"class_list":["post-212646","post","type-post","status-publish","format-standard","has-post-thumbnail","category-eesti","tag-aliexpress","tag-amazon","tag-breaking-news","tag-breakingnews","tag-ee","tag-eesti","tag-eesti-keel","tag-estonia","tag-estonian","tag-euroopa-liit","tag-featured-news","tag-featurednews","tag-headlines","tag-hiina-e-poed","tag-latest-news","tag-latestnews","tag-news","tag-omniva","tag-populaarseimad-lood","tag-sven-kukemelk","tag-temu","tag-top-stories","tag-topstories","tag-uldised-uudised","tag-uudised","tag-vaikesaadetiste-tollimaks","tag-viimased-uudised"],"share_on_mastodon":{"url":"https:\/\/pubeurope.com\/@ee\/116808926095639471","error":""},"_links":{"self":[{"href":"https:\/\/www.europesays.com\/ee\/wp-json\/wp\/v2\/posts\/212646","targetHints":{"allow":["GET"]}}],"collection":[{"href":"https:\/\/www.europesays.com\/ee\/wp-json\/wp\/v2\/posts"}],"about":[{"href":"https:\/\/www.europesays.com\/ee\/wp-json\/wp\/v2\/types\/post"}],"author":[{"embeddable":true,"href":"https:\/\/www.europesays.com\/ee\/wp-json\/wp\/v2\/users\/2"}],"replies":[{"embeddable":true,"href":"https:\/\/www.europesays.com\/ee\/wp-json\/wp\/v2\/comments?post=212646"}],"version-history":[{"count":0,"href":"https:\/\/www.europesays.com\/ee\/wp-json\/wp\/v2\/posts\/212646\/revisions"}],"wp:featuredmedia":[{"embeddable":true,"href":"https:\/\/www.europesays.com\/ee\/wp-json\/wp\/v2\/media\/212647"}],"wp:attachment":[{"href":"https:\/\/www.europesays.com\/ee\/wp-json\/wp\/v2\/media?parent=212646"}],"wp:term":[{"taxonomy":"category","embeddable":true,"href":"https:\/\/www.europesays.com\/ee\/wp-json\/wp\/v2\/categories?post=212646"},{"taxonomy":"post_tag","embeddable":true,"href":"https:\/\/www.europesays.com\/ee\/wp-json\/wp\/v2\/tags?post=212646"}],"curies":[{"name":"wp","href":"https:\/\/api.w.org\/{rel}","templated":true}]}}