{"id":212716,"date":"2026-06-25T06:31:19","date_gmt":"2026-06-25T06:31:19","guid":{"rendered":"https:\/\/www.europesays.com\/ee\/212716\/"},"modified":"2026-06-25T06:31:19","modified_gmt":"2026-06-25T06:31:19","slug":"marten-kuuse-mm-i-kommentaar-promise-davidi-varav-oli-senise-turniiri-kiireim-kasutegur","status":"publish","type":"post","link":"https:\/\/www.europesays.com\/ee\/212716\/","title":{"rendered":"M\u00e4rten Kuuse MM-i kommentaar: Promise Davidi v\u00e4rav oli senise turniiri kiireim kasutegur"},"content":{"rendered":"<p>Kohe algusest peale oli n\u00e4ha, et \u0160veits tuli m\u00e4ngu v\u00f5itma. Oli selge, et nad tahavad alagrupist esimesena edasi p\u00e4\u00e4seda ning tagada sellega parema loosi edasiseks turniiriks. Eriti esimesel poolajal oli n\u00e4ha, et taheti rohkem ja pressiti k\u00f5rgelt.<\/p>\n<p>Kanada tegutses samal ajal pigem vaoshoitult ja v\u00f5ttis \u0161veitslasi madalamalt vastu. Erilist pressingut \u0160veitsi keskkaitsjatele ei tehtud, samas kui s\u00f6\u00f6t j\u00f5udis keskv\u00e4ljale v\u00f5i \u00e4\u00e4rtele, olid kanadalased kohe juures ega lasknud \u0160veitsil vabalt m\u00e4ngida.<\/p>\n<p>Kanada n\u00e4is olevat pigem viigiga rahul. \u0160veits proovis kannatlikult l\u00fchikeste s\u00f6\u00f6tudega kaitset lahti harutada ja liinide vahele p\u00e4\u00e4seda. Esimesel poolajal oligi l\u00f5puks \u00fcks olukord, kus see end \u00e4ra tasus ning p\u00e4\u00e4seti \u00fcks \u00fchele, kuid v\u00e4ravat siiski ei tulnud. Samas n\u00e4itas see, et kannatlikkus toimis.<\/p>\n<p>Kui \u0160veits katsetas l\u00fchikeselt, siis Kanada proovis sirgjoonelisemalt. Ega \u0160veits muidugi lasknud neil ka v\u00e4ga s\u00f6\u00f6dum\u00e4ngu m\u00e4ngida \u2013 m\u00f5ni variant tekkis, aga mitte midagi v\u00e4ga ohtlikku. Eks r\u00fcnnakul j\u00e4i ka kvaliteedist puudu. Niisiis r\u00fcndas Kanada pigem kontrar\u00fcnnakutega, mis v\u00e4hemalt natukenegi toimisid.<\/p>\n<p>\u0160veits j\u00f5udis v\u00e4ravani kohe teise poolaja esimesel minutil. Tolles olukorras tegutseti varem n\u00e4htuga v\u00f5rreldes teisiti ning viidi pall \u2013 ma ei tea, kas taotluslikult v\u00f5i mitte \u2013 sirgjoonelisemalt r\u00fcndajatele.<\/p>\n<p>Johan Manzambi s\u00f6\u00f6tis palli esiposti suunas, kust Breel Embolo lasi selle l\u00e4bi ning Ruben Vargas lahendas. Keeruline \u00f6elda, kas Embolo tahtiski palli l\u00e4bi lasta v\u00f5i ei hinnanud l\u00f6\u00f6giv\u00f5imalust piisavalt heaks, k\u00fcll aga n\u00e4itas see tema j\u00f5ulisuse olulisust \u0160veitsi r\u00fcnnakul.<\/p>\n<p>Teise poolaja esimese veerandtunni jooksul tegid Manzambi ja Embolo \u00fcldse v\u00e4ga head t\u00f6\u00f6d. Sirgjooneline m\u00e4ng sobis neile ning ka teine v\u00e4rav oli selle hea n\u00e4ide \u2013 Embolo kattis, s\u00e4ilitas rahu, leidis kaaslase ja Manzambi l\u00f5i j\u00f5uga \u00e4ra.<\/p>\n<p>P\u00e4rast v\u00e4ravat hakkas Kanada rohkem palliga m\u00e4ngima. N\u00fc\u00fcd oli m\u00e4ngupilt esimese poolajaga v\u00f5rreldes risti vastupidi \u2013 hoopis Kanada proovis \u0160veitsi l\u00fchikeste s\u00f6\u00f6tudega lahti harutada.<\/p>\n<p>75. minutil see \u00f5nnestuski \u2013 <a rel=\"noopener nofollow\" target=\"_blank\" href=\"https:\/\/www.delfi.ee\/teema\/96860743\/promise-david\" tag-id=\"96860743\">Promise David<\/a> tuli m\u00e4ngu ja l\u00f5i kohe v\u00e4rava! Julgen \u00f6elda k\u00fcll, et see oli senise turniiri kiireim kasutegur.<\/p>\n<p>M\u00f6\u00f6da ei saa vaadata ka Nathan Saliba s\u00f6\u00f6dust \u2013 suurem osa sellest v\u00e4ravast kuulub talle. Tal oli k\u00fcll m\u00e4ngija seljas, kuid ometi n\u00e4gime \u00fcht senise turniiri efektsemat puudet. Promise\u2019i jaoks oli see vormistamise k\u00fcsimus, aga lahendus oli muidugi tasemel.<\/p>\n<p>P\u00e4rast Promise\u2019i tulekut oligi m\u00e4ng Kanada k\u00e4es. Tema f\u00fc\u00fcsilisus ja intensiivsus aitasid Kanadat m\u00e4rkimisv\u00e4\u00e4rselt. Kanada survestas ja oli teisele v\u00e4ravale l\u00e4hedal, aga \u0160veits suutis siiski k\u00fclma n\u00e4rvi ja kaitseliini kogemusega v\u00f5idu \u00e4ra kindlustada.<\/p>\n<p>Kuidas see lugu Sind end tundma pani? Saada <a href=\"https:\/\/sport.delfi.ee\/artikkel\/120592980\/marten-kuuse-mm-i-kommentaar-promise-davidi-varav-oli-senise-turniiri-kiireim-kasutegur\/kommentaarid\" class=\"article-body-bottom__comment article-body-bottom__comment--write button button--primary button--size-auto\" rel=\"nofollow noopener\" target=\"_blank\"> Kommenteeri <\/a><a href=\"https:\/\/sport.delfi.ee\/artikkel\/120592980\/marten-kuuse-mm-i-kommentaar-promise-davidi-varav-oli-senise-turniiri-kiireim-kasutegur\/kommentaarid\" class=\"article-body-bottom__comment article-body-bottom__comment--read button button--size-auto\" rel=\"nofollow noopener\" target=\"_blank\"> Loe kommentaare <\/a><\/p>\n","protected":false},"excerpt":{"rendered":"Kohe algusest peale oli n\u00e4ha, et \u0160veits tuli m\u00e4ngu v\u00f5itma. Oli selge, et nad tahavad alagrupist esimesena edasi&hellip;\n","protected":false},"author":2,"featured_media":212717,"comment_status":"","ping_status":"","sticky":false,"template":"","format":"standard","meta":{"footnotes":"","_share_on_mastodon":"0"},"categories":[18],"tags":[37,33,35,34,36,4371,6565,159,158],"class_list":["post-212716","post","type-post","status-publish","format-standard","has-post-thumbnail","category-sport","tag-ee","tag-eesti","tag-eesti-keel","tag-estonia","tag-estonian","tag-jalgpalli-mm-2026","tag-promise-david","tag-sport","tag-sports"],"share_on_mastodon":{"url":"https:\/\/pubeurope.com\/@ee\/116809346760086296","error":""},"_links":{"self":[{"href":"https:\/\/www.europesays.com\/ee\/wp-json\/wp\/v2\/posts\/212716","targetHints":{"allow":["GET"]}}],"collection":[{"href":"https:\/\/www.europesays.com\/ee\/wp-json\/wp\/v2\/posts"}],"about":[{"href":"https:\/\/www.europesays.com\/ee\/wp-json\/wp\/v2\/types\/post"}],"author":[{"embeddable":true,"href":"https:\/\/www.europesays.com\/ee\/wp-json\/wp\/v2\/users\/2"}],"replies":[{"embeddable":true,"href":"https:\/\/www.europesays.com\/ee\/wp-json\/wp\/v2\/comments?post=212716"}],"version-history":[{"count":0,"href":"https:\/\/www.europesays.com\/ee\/wp-json\/wp\/v2\/posts\/212716\/revisions"}],"wp:featuredmedia":[{"embeddable":true,"href":"https:\/\/www.europesays.com\/ee\/wp-json\/wp\/v2\/media\/212717"}],"wp:attachment":[{"href":"https:\/\/www.europesays.com\/ee\/wp-json\/wp\/v2\/media?parent=212716"}],"wp:term":[{"taxonomy":"category","embeddable":true,"href":"https:\/\/www.europesays.com\/ee\/wp-json\/wp\/v2\/categories?post=212716"},{"taxonomy":"post_tag","embeddable":true,"href":"https:\/\/www.europesays.com\/ee\/wp-json\/wp\/v2\/tags?post=212716"}],"curies":[{"name":"wp","href":"https:\/\/api.w.org\/{rel}","templated":true}]}}