{"id":212833,"date":"2026-06-25T09:05:17","date_gmt":"2026-06-25T09:05:17","guid":{"rendered":"https:\/\/www.europesays.com\/ee\/212833\/"},"modified":"2026-06-25T09:05:17","modified_gmt":"2026-06-25T09:05:17","slug":"981-paeva-hiljem-neymar-jooksis-taas-brasiilia-koondise-sargis-valjakule","status":"publish","type":"post","link":"https:\/\/www.europesays.com\/ee\/212833\/","title":{"rendered":"981 p\u00e4eva hiljem: Neymar jooksis taas Brasiilia koondise s\u00e4rgis v\u00e4ljakule"},"content":{"rendered":"<p>Alagrupi avam\u00e4ngus Marokoga 1:1 viigistanud Brasiilia alistas teises voorus Haiti 3:0 ning kolmandas \u0160otimaa samuti 3:0. Kui kahes esimeses j\u00e4i Neymar trauma t\u00f5ttu veel koosseisust v\u00e4lja, siis kolmandaks kohtumiseks oli ta m\u00e4nguvalmis.<\/p>\n<p>Neymar k\u00e4is Brasiilia koondise eest viimati v\u00e4ljakul 2023. aasta 17. oktoobril MM-valikm\u00e4ngus Uruguay vastu. Antud mat\u0161is vigastas ta aga vasaku p\u00f5lve ristatisidet ja meniskit.<\/p>\n<p>N\u00fc\u00fcdseks 34-aastane Neymar kuulus toona Saudi Araabia klubi Al Hilali ridadesse. Mullu naasis ta kodumaale Santosesse. Santoses on ta praeguseks pidanud 43 m\u00e4ngu ja l\u00f6\u00f6nud 17 v\u00e4ravat. K\u00e4imasoleva hooaja vorm on olnud tal piisavalt hea ning nii valis Brasiilia koondise peatreener Carlo Ancelotti Neymari pika pausi j\u00e4rel taas rahvuskoondisesse.<\/p>\n<p>Kohtumises \u0160otimaaga p\u00e4\u00e4ses Neymar ka v\u00e4ljakule. 76. minutil tuli ta platsile tipur\u00fcndaja Matheus Cunha asemel. Sellega sai Neymari jaoks l\u00e4bi 981 p\u00e4eva pikkune ootus. Just nii pika pausi j\u00e4rel t\u00f5mbas ta m\u00e4nguks taas selga brasiillaste kollase s\u00e4rgi. \u0160otimaaga peetud mat\u0161i l\u00f5puvile j\u00e4rel oli Neymar pisarates ning lehvitas tunnustavalt teda toetanud publikule.<\/p>\n<p>Neymar on Brasiilia koondises pidanud kokku 129 kohtumist ning l\u00f6\u00f6nud 79 v\u00e4ravat. Tabamuste arvult on ta Brasiilia koondise l\u00e4bi aegade edukaim. Teisel positsioonil on legendaarne Pele 77 v\u00e4ravaga. M\u00e4ngude arvult on Neymar teine. Tema ees on ainult Cafu 142 kohtumisega.<\/p>\n<p>Brasiilia kohtub n\u00fc\u00fcd play-off\u2019i avaringis F-alagrupis teiseks tulnud meeskonnaga. Praeguse seisuga oleks k\u00f5ige t\u00f5en\u00e4olisemaks vastaseks Jaapan, kuid grupis v\u00f5ib teiseks t\u00f5usta ka Rootsi.<\/p>\n<p>Kuidas see lugu Sind end tundma pani? Saada <a href=\"https:\/\/sport.delfi.ee\/artikkel\/120592998\/981-paeva-hiljem-neymar-jooksis-taas-brasiilia-koondise-sargis-valjakule\/kommentaarid\" class=\"article-body-bottom__comment article-body-bottom__comment--write button button--primary button--size-auto\" rel=\"nofollow noopener\" target=\"_blank\"> Kommenteeri <\/a><a href=\"https:\/\/sport.delfi.ee\/artikkel\/120592998\/981-paeva-hiljem-neymar-jooksis-taas-brasiilia-koondise-sargis-valjakule\/kommentaarid\" class=\"article-body-bottom__comment article-body-bottom__comment--read button button--size-auto\" rel=\"nofollow noopener\" target=\"_blank\"> Loe kommentaare (1)<\/a><\/p>\n","protected":false},"excerpt":{"rendered":"Alagrupi avam\u00e4ngus Marokoga 1:1 viigistanud Brasiilia alistas teises voorus Haiti 3:0 ning kolmandas \u0160otimaa samuti 3:0. Kui kahes&hellip;\n","protected":false},"author":2,"featured_media":212834,"comment_status":"","ping_status":"","sticky":false,"template":"","format":"standard","meta":{"footnotes":"","_share_on_mastodon":"0"},"categories":[18],"tags":[11470,37,33,35,34,36,4371,29565,159,158],"class_list":["post-212833","post","type-post","status-publish","format-standard","has-post-thumbnail","category-sport","tag-brasiilia-jalgpallikoondis","tag-ee","tag-eesti","tag-eesti-keel","tag-estonia","tag-estonian","tag-jalgpalli-mm-2026","tag-neymar","tag-sport","tag-sports"],"share_on_mastodon":{"url":"https:\/\/pubeurope.com\/@ee\/116809952568642746","error":""},"_links":{"self":[{"href":"https:\/\/www.europesays.com\/ee\/wp-json\/wp\/v2\/posts\/212833","targetHints":{"allow":["GET"]}}],"collection":[{"href":"https:\/\/www.europesays.com\/ee\/wp-json\/wp\/v2\/posts"}],"about":[{"href":"https:\/\/www.europesays.com\/ee\/wp-json\/wp\/v2\/types\/post"}],"author":[{"embeddable":true,"href":"https:\/\/www.europesays.com\/ee\/wp-json\/wp\/v2\/users\/2"}],"replies":[{"embeddable":true,"href":"https:\/\/www.europesays.com\/ee\/wp-json\/wp\/v2\/comments?post=212833"}],"version-history":[{"count":0,"href":"https:\/\/www.europesays.com\/ee\/wp-json\/wp\/v2\/posts\/212833\/revisions"}],"wp:featuredmedia":[{"embeddable":true,"href":"https:\/\/www.europesays.com\/ee\/wp-json\/wp\/v2\/media\/212834"}],"wp:attachment":[{"href":"https:\/\/www.europesays.com\/ee\/wp-json\/wp\/v2\/media?parent=212833"}],"wp:term":[{"taxonomy":"category","embeddable":true,"href":"https:\/\/www.europesays.com\/ee\/wp-json\/wp\/v2\/categories?post=212833"},{"taxonomy":"post_tag","embeddable":true,"href":"https:\/\/www.europesays.com\/ee\/wp-json\/wp\/v2\/tags?post=212833"}],"curies":[{"name":"wp","href":"https:\/\/api.w.org\/{rel}","templated":true}]}}