{"id":212893,"date":"2026-06-25T10:13:09","date_gmt":"2026-06-25T10:13:09","guid":{"rendered":"https:\/\/www.europesays.com\/ee\/212893\/"},"modified":"2026-06-25T10:13:09","modified_gmt":"2026-06-25T10:13:09","slug":"tooandjate-fookus-on-muutumas-varbamise-asemel-panustatakse-aina-rohkem-tehisarule","status":"publish","type":"post","link":"https:\/\/www.europesays.com\/ee\/212893\/","title":{"rendered":"T\u00f6\u00f6andjate fookus on muutumas. V\u00e4rbamise asemel panustatakse aina rohkem tehisarule"},"content":{"rendered":"<p><a rel=\"noopener nofollow\" target=\"_blank\" href=\"https:\/\/www.delfi.ee\/teema\/96935538\/manpowergroup\" tag-id=\"96935538\">ManpowerGroupi<\/a> kvartaalse uuringu raames k\u00fcsitleti enam kui 40 500 t\u00f6\u00f6andjat 42 riigist kolmanda kvartali v\u00e4rbamisplaanide ja t\u00f6\u00f6turuootuste osas. Ennustatav v\u00e4rbamisaktiivsus on eelmise kvartaliga v\u00f5rreldes langenud, aga aastases v\u00f5rdluses veel v\u00e4ikeses kasvus.<\/p>\n<p>\u00dcleilmse kvartaalse v\u00e4rbamisedetabeli esik\u00fcmnest leiab vaid \u00fche Euroopa Liidu riigi, Rootsi, seitsmendalt kohalt. K\u00f5ik \u00fclej\u00e4\u00e4nud liidu riigid j\u00e4\u00e4vad oma v\u00e4rbamisaktiivsusega ka globaalsest keskmisest maha. Tabeli tipust ehk maailma aktiivseimate v\u00e4rbajate seast leiab  India, Puerto Rico ja Ameerika \u00dchendriigid.<\/p>\n<p>Uuring sedastab, et <a rel=\"noopener nofollow\" target=\"_blank\" href=\"https:\/\/www.delfi.ee\/teema\/96887726\/toojou-tootlikkus\" tag-id=\"96887726\">t\u00f6\u00f6j\u00f5u tootlikkust<\/a> on kasvatatud, mis v\u00e4hendab ka v\u00e4rbamise vajadust mitmetes piirkondades ja sektorites. Peamised tootlikkuse kasvu allikad on <a rel=\"noopener nofollow\" target=\"_blank\" href=\"https:\/\/www.delfi.ee\/teema\/96849792\/tehisintellekt-1\" tag-id=\"96849792\">tehisintellekti<\/a> t\u00f6\u00f6riistad ja kasvanud automatiseeritus, aga ka t\u00f6\u00f6tajate oskuste t\u00e4iendamine, mh tehisintellekti v\u00f5imaluste osas. Samal ajal toovad t\u00f6\u00f6andjad v\u00e4lja ka oskusi, mida hinnatakse inimeste v\u00e4rbamisel, sest tehisaru selles osas liiga tugev pole: kommunikatsiooniv\u00f5imekus, probleemilahendusoskus, eetiliste valikute tegemine ja kohandumine uute olukordadega. Samal ajal eeldavad t\u00f6\u00f6andjad, et k\u00f5iki nimetatud tugevusi osatakse kombineerida AI poolt pakutavate v\u00f5imalustega.<\/p>\n<p>\u201eKuigi Euroopa v\u00f5iks olla maailma vaates pigem stabiilne piirkond, siis uuringust n\u00e4htub, et Euroopa ettev\u00f5tjad on selgelt ebakindlamad, ettevaatlikumad v\u00f5i lausa pessimistlikud,\u201c m\u00e4rkis Manpower Baltikumi tegevjuht Heigo Kaldra. \u201eM\u00f5neti on siinne madalam v\u00e4rbamisaktiivus p\u00f5hjendatav ka sellega, et vananeva rahvastiku ja madala iibega riikides j\u00e4\u00e4bki inimesi t\u00f6\u00f6turul v\u00e4hemaks, seega tuleb abi otsida tehisarult ja tehnoloogialt. T\u00f6\u00f6turul olijatele ja sinna sisenejatele v\u00f5iks see olla meeldetuletuseks, et eelisarendada tuleb endas pigem neid oskuseid, milles AI meid veel ei \u00fcleta, n\u00e4iteks kriitiline m\u00f5tlemine ja anal\u00fc\u00fcsiv\u00f5ime,\u201c r\u00e4\u00e4kis Kaldra.<\/p>\n<p>Uuringus osalenud t\u00f6\u00f6andjatest 42 protsenti m\u00e4rkis, et on valmis inimesi juurde v\u00e4rbama, 40 protsenti hoiab senist taset, 16 protsenti kavatseb personali hulka v\u00e4hendada ja 2 protsenti ei osanud uuringu l\u00e4biviimise ajal v\u00e4rbamist prognoosida. Inimesi otsitakse enim infotehnoloogia-, ehitus- ja kinnisvara- ning finants- ja kindlustussektorites. J\u00e4tkuvalt v\u00e4rbavad aktiivsemalt suured organisatsioonid (250+ t\u00f6\u00f6tajaga), v\u00e4ikeettev\u00f5tjad on praegu pigem \u00e4raootaval seisukohal ega v\u00e4rba aktiivselt.<\/p>\n<p>Kuidas see lugu Sind end tundma pani? Saada <a href=\"https:\/\/arileht.delfi.ee\/a\/120593074\/tooandjate-fookus-on-muutumas-varbamise-asemel-panustatakse-aina-rohkem-tehisarule\/kommentaarid\" class=\"article-body-bottom__comment article-body-bottom__comment--write button button--primary button--size-auto\" rel=\"nofollow noopener\" target=\"_blank\"> Kommenteeri <\/a><a href=\"https:\/\/arileht.delfi.ee\/a\/120593074\/tooandjate-fookus-on-muutumas-varbamise-asemel-panustatakse-aina-rohkem-tehisarule\/kommentaarid\" class=\"article-body-bottom__comment article-body-bottom__comment--read button button--size-auto\" rel=\"nofollow noopener\" target=\"_blank\"> Loe kommentaare <\/a><\/p>\n","protected":false},"excerpt":{"rendered":"ManpowerGroupi kvartaalse uuringu raames k\u00fcsitleti enam kui 40 500 t\u00f6\u00f6andjat 42 riigist kolmanda kvartali v\u00e4rbamisplaanide ja t\u00f6\u00f6turuootuste osas.&hellip;\n","protected":false},"author":2,"featured_media":212894,"comment_status":"","ping_status":"","sticky":false,"template":"","format":"standard","meta":{"footnotes":"","_share_on_mastodon":"0"},"categories":[80],"tags":[6092,26,27,37,33,35,34,36,31,32,21,28,29,95,43148,19,25,373,87009,2161,23,24,22,20,1932,30,92,93,94],"class_list":["post-212893","post","type-post","status-publish","format-standard","has-post-thumbnail","category-maailm","tag-automatiseerimine","tag-breaking-news","tag-breakingnews","tag-ee","tag-eesti","tag-eesti-keel","tag-estonia","tag-estonian","tag-featured-news","tag-featurednews","tag-headlines","tag-latest-news","tag-latestnews","tag-maailm","tag-manpowergroup","tag-news","tag-populaarseimad-lood","tag-tehisintellekt","tag-toojou-tootlikkus","tag-tooturg","tag-top-stories","tag-topstories","tag-uldised-uudised","tag-uudised","tag-varbamine","tag-viimased-uudised","tag-world","tag-world-news","tag-worldnews"],"share_on_mastodon":{"url":"https:\/\/pubeurope.com\/@ee\/116810219853675038","error":""},"_links":{"self":[{"href":"https:\/\/www.europesays.com\/ee\/wp-json\/wp\/v2\/posts\/212893","targetHints":{"allow":["GET"]}}],"collection":[{"href":"https:\/\/www.europesays.com\/ee\/wp-json\/wp\/v2\/posts"}],"about":[{"href":"https:\/\/www.europesays.com\/ee\/wp-json\/wp\/v2\/types\/post"}],"author":[{"embeddable":true,"href":"https:\/\/www.europesays.com\/ee\/wp-json\/wp\/v2\/users\/2"}],"replies":[{"embeddable":true,"href":"https:\/\/www.europesays.com\/ee\/wp-json\/wp\/v2\/comments?post=212893"}],"version-history":[{"count":0,"href":"https:\/\/www.europesays.com\/ee\/wp-json\/wp\/v2\/posts\/212893\/revisions"}],"wp:featuredmedia":[{"embeddable":true,"href":"https:\/\/www.europesays.com\/ee\/wp-json\/wp\/v2\/media\/212894"}],"wp:attachment":[{"href":"https:\/\/www.europesays.com\/ee\/wp-json\/wp\/v2\/media?parent=212893"}],"wp:term":[{"taxonomy":"category","embeddable":true,"href":"https:\/\/www.europesays.com\/ee\/wp-json\/wp\/v2\/categories?post=212893"},{"taxonomy":"post_tag","embeddable":true,"href":"https:\/\/www.europesays.com\/ee\/wp-json\/wp\/v2\/tags?post=212893"}],"curies":[{"name":"wp","href":"https:\/\/api.w.org\/{rel}","templated":true}]}}