{"id":212911,"date":"2026-06-25T10:33:10","date_gmt":"2026-06-25T10:33:10","guid":{"rendered":"https:\/\/www.europesays.com\/ee\/212911\/"},"modified":"2026-06-25T10:33:10","modified_gmt":"2026-06-25T10:33:10","slug":"f1-piloodid-voivad-austrias-jahutussusteemi-kanda-vormelisport","status":"publish","type":"post","link":"https:\/\/www.europesays.com\/ee\/212911\/","title":{"rendered":"F1 piloodid v\u00f5ivad Austrias jahutuss\u00fcsteemi kanda | Vormelisport"},"content":{"rendered":"<p>Sel n\u00e4dalavahetuse Austrias aset leidvale vormel-1 MM-sarja etapile anti kuumalaine t\u00f5ttu ilmahoiatus.<\/p>\n<p>Rahvusvahelise autoliidu (FIA)\u00a0reeglite j\u00e4rgi antakse ilmahoiatus igale v\u00f5idus\u00f5idule, mille jooksul \u00fcletab temperatuur 31 kraadi. See t\u00e4hendab, et s\u00f5itjad saavad end varustada jahutuss\u00fcsteemiga, mida kantakse s\u00f5idukombinesooni all. Kui piloot otsustab selle kasutamise vastu, peab ta ikkagi kandma autos viit kilogrammi ballasti.<\/p>\n<p>\u00dclekuumenemine on t\u00f5sine probleem, sest vormel-1 auto kokpitis kerkib temperatuur tihtipeale \u00fcle 40 kraadi.<\/p>\n<p>Austria GP on esimene v\u00f5idus\u00f5it sel hooajal, mis Euroopat katva kuumalaine t\u00f5ttu ilmahoiatuse saanud. Reegel kehtestati eelmisel aastal ning sai kohe kasutust Singapuri ja USA GP-l.<\/p>\n<p>Austria GP on F1-sarja hooaja kaheksas etapp ning juulikuu jooksul peetakse veel kolm etappi. Seej\u00e4rel l\u00e4heb sari l\u00fchikesele pausile, p\u00e4rast mida s\u00f5idetakse veel Hollandis, Itaalias ja Madridis. Sarja \u00fcldliider on 156 punkti kogunud Kimi Antonelli (Mercedes), kellele j\u00e4rgnevad Lewis Hamilton (Ferrari; 115 p) ja George Russell (Mercedes; 106 p).<\/p>\n","protected":false},"excerpt":{"rendered":"Sel n\u00e4dalavahetuse Austrias aset leidvale vormel-1 MM-sarja etapile anti kuumalaine t\u00f5ttu ilmahoiatus. Rahvusvahelise autoliidu (FIA)\u00a0reeglite j\u00e4rgi antakse ilmahoiatus&hellip;\n","protected":false},"author":2,"featured_media":212912,"comment_status":"","ping_status":"","sticky":false,"template":"","format":"standard","meta":{"footnotes":"","_share_on_mastodon":"0"},"categories":[18],"tags":[87012,37,33,35,34,36,8136,159,158,29372],"class_list":["post-212911","post","type-post","status-publish","format-standard","has-post-thumbnail","category-sport","tag-austria-gp","tag-ee","tag-eesti","tag-eesti-keel","tag-estonia","tag-estonian","tag-f1","tag-sport","tag-sports","tag-vormel-1-2026"],"share_on_mastodon":{"url":"https:\/\/pubeurope.com\/@ee\/116810298610978204","error":""},"_links":{"self":[{"href":"https:\/\/www.europesays.com\/ee\/wp-json\/wp\/v2\/posts\/212911","targetHints":{"allow":["GET"]}}],"collection":[{"href":"https:\/\/www.europesays.com\/ee\/wp-json\/wp\/v2\/posts"}],"about":[{"href":"https:\/\/www.europesays.com\/ee\/wp-json\/wp\/v2\/types\/post"}],"author":[{"embeddable":true,"href":"https:\/\/www.europesays.com\/ee\/wp-json\/wp\/v2\/users\/2"}],"replies":[{"embeddable":true,"href":"https:\/\/www.europesays.com\/ee\/wp-json\/wp\/v2\/comments?post=212911"}],"version-history":[{"count":0,"href":"https:\/\/www.europesays.com\/ee\/wp-json\/wp\/v2\/posts\/212911\/revisions"}],"wp:featuredmedia":[{"embeddable":true,"href":"https:\/\/www.europesays.com\/ee\/wp-json\/wp\/v2\/media\/212912"}],"wp:attachment":[{"href":"https:\/\/www.europesays.com\/ee\/wp-json\/wp\/v2\/media?parent=212911"}],"wp:term":[{"taxonomy":"category","embeddable":true,"href":"https:\/\/www.europesays.com\/ee\/wp-json\/wp\/v2\/categories?post=212911"},{"taxonomy":"post_tag","embeddable":true,"href":"https:\/\/www.europesays.com\/ee\/wp-json\/wp\/v2\/tags?post=212911"}],"curies":[{"name":"wp","href":"https:\/\/api.w.org\/{rel}","templated":true}]}}