{"id":213083,"date":"2026-06-25T13:31:09","date_gmt":"2026-06-25T13:31:09","guid":{"rendered":"https:\/\/www.europesays.com\/ee\/213083\/"},"modified":"2026-06-25T13:31:09","modified_gmt":"2026-06-25T13:31:09","slug":"saksamaa-on-seni-suutnud-leida-vaid-530-ajateenistusse-astuvat-noormeest","status":"publish","type":"post","link":"https:\/\/www.europesays.com\/ee\/213083\/","title":{"rendered":"Saksamaa on seni suutnud leida vaid 530 ajateenistusse astuvat noormeest"},"content":{"rendered":"<p class=\"MsoNormal\">18. juuni seisuga oli Saksamaa kaitseministeeriumi andmeil saadetud kokku v\u00e4lja peaaegu 300 000 k\u00fcsitluslehte, milles uuriti adressaatide valmidust l\u00e4bida ajateenistus Bundeswehris. Neist pooled saadeti noormeestele, kellest vastas p\u00e4ringule 96 protsenti, kirjutas S\u00fcddeutsche Zeitung. Omakorda umbes viiendik v\u00e4ljendas huvi riigis hiljuti taastatud ajateenistuse vastu.<\/p>\n","protected":false},"excerpt":{"rendered":"18. juuni seisuga oli Saksamaa kaitseministeeriumi andmeil saadetud kokku v\u00e4lja peaaegu 300 000 k\u00fcsitluslehte, milles uuriti adressaatide valmidust&hellip;\n","protected":false},"author":2,"featured_media":213084,"comment_status":"","ping_status":"","sticky":false,"template":"","format":"standard","meta":{"footnotes":"","_share_on_mastodon":"0"},"categories":[80],"tags":[8678,26,27,7824,37,33,35,34,36,31,32,21,28,29,95,19,25,27906,51,87198,72233,11771,23,24,22,20,30,92,93,94],"class_list":["post-213083","post","type-post","status-publish","format-standard","has-post-thumbnail","category-maailm","tag-ajateenistus","tag-breaking-news","tag-breakingnews","tag-bundeswehr","tag-ee","tag-eesti","tag-eesti-keel","tag-estonia","tag-estonian","tag-featured-news","tag-featurednews","tag-headlines","tag-latest-news","tag-latestnews","tag-maailm","tag-news","tag-populaarseimad-lood","tag-reservvagi","tag-saksamaa","tag-saksamaa-kaitseministeerium","tag-saksamaa-valitsus","tag-sojavaekohustus","tag-top-stories","tag-topstories","tag-uldised-uudised","tag-uudised","tag-viimased-uudised","tag-world","tag-world-news","tag-worldnews"],"share_on_mastodon":{"url":"https:\/\/pubeurope.com\/@ee\/116810998612480897","error":""},"_links":{"self":[{"href":"https:\/\/www.europesays.com\/ee\/wp-json\/wp\/v2\/posts\/213083","targetHints":{"allow":["GET"]}}],"collection":[{"href":"https:\/\/www.europesays.com\/ee\/wp-json\/wp\/v2\/posts"}],"about":[{"href":"https:\/\/www.europesays.com\/ee\/wp-json\/wp\/v2\/types\/post"}],"author":[{"embeddable":true,"href":"https:\/\/www.europesays.com\/ee\/wp-json\/wp\/v2\/users\/2"}],"replies":[{"embeddable":true,"href":"https:\/\/www.europesays.com\/ee\/wp-json\/wp\/v2\/comments?post=213083"}],"version-history":[{"count":0,"href":"https:\/\/www.europesays.com\/ee\/wp-json\/wp\/v2\/posts\/213083\/revisions"}],"wp:featuredmedia":[{"embeddable":true,"href":"https:\/\/www.europesays.com\/ee\/wp-json\/wp\/v2\/media\/213084"}],"wp:attachment":[{"href":"https:\/\/www.europesays.com\/ee\/wp-json\/wp\/v2\/media?parent=213083"}],"wp:term":[{"taxonomy":"category","embeddable":true,"href":"https:\/\/www.europesays.com\/ee\/wp-json\/wp\/v2\/categories?post=213083"},{"taxonomy":"post_tag","embeddable":true,"href":"https:\/\/www.europesays.com\/ee\/wp-json\/wp\/v2\/tags?post=213083"}],"curies":[{"name":"wp","href":"https:\/\/api.w.org\/{rel}","templated":true}]}}