{"id":213120,"date":"2026-06-25T14:05:10","date_gmt":"2026-06-25T14:05:10","guid":{"rendered":"https:\/\/www.europesays.com\/ee\/213120\/"},"modified":"2026-06-25T14:05:10","modified_gmt":"2026-06-25T14:05:10","slug":"meelis-oidsalu-%e2%9f%a9-elmar-vaheri-imelik-intervjuu","status":"publish","type":"post","link":"https:\/\/www.europesays.com\/ee\/213120\/","title":{"rendered":"MEELIS OIDSALU \u27e9 Elmar Vaheri imelik intervjuu"},"content":{"rendered":"<p>Pole kindel, et see oli intervjuu andja algne taotlus, aga kui loen Elmar Vaheri antud <a target=\"_blank\" rel=\"noopener noreferrer nofollow\" href=\"https:\/\/ekspress.delfi.ee\/artikkel\/120592082\/mida-teeb-soja-ajal-asutus-mis-ostab-eestisse-miljardite-eest-relvi-rkik-uus-juht-elmar-vaher-utleb-et-plaani-veel-pole\">intervjuud<\/a> Eesti Ekspressi ajakirjanikule Madis Hindrele, j\u00e4\u00e4b sellest tekstist tugev mulje, et RKIKile ei valitud uut juhti, vaid otsiti kedagi, kes t\u00f5mbaks kogu organisatsiooni liistule, palkaks meeskonda veel uurijaid ja otsiks tikutulega \u00fcles kogu selle kaitsekorruptsiooni, mida varem nii edukalt varjatud on, kirjutab Fookuse \u00abV\u00f5imu ja julgeoleku\u00bb toimetaja Meelis Oidsalu.<\/p>\n","protected":false},"excerpt":{"rendered":"Pole kindel, et see oli intervjuu andja algne taotlus, aga kui loen Elmar Vaheri antud intervjuud Eesti Ekspressi&hellip;\n","protected":false},"author":2,"featured_media":213121,"comment_status":"","ping_status":"","sticky":false,"template":"","format":"standard","meta":{"footnotes":"","_share_on_mastodon":"0"},"categories":[12],"tags":[26,27,37,33,5551,4526,35,30075,87199,34,36,31,32,492,21,6627,2647,43796,87200,3613,28,29,53310,2801,19,25,8012,5360,23,24,22,20,30],"class_list":["post-213120","post","type-post","status-publish","format-standard","has-post-thumbnail","category-eesti","tag-breaking-news","tag-breakingnews","tag-ee","tag-eesti","tag-eesti-ekspress","tag-eesti-energia","tag-eesti-keel","tag-elmar-vaher","tag-elmar-vaheri-imelik-intervjuu","tag-estonia","tag-estonian","tag-featured-news","tag-featurednews","tag-hanno-pevkur","tag-headlines","tag-himars","tag-kaimo-kuusk","tag-kaitse-eelarve","tag-kaitsekorruptsioon","tag-kaitseminister","tag-latest-news","tag-latestnews","tag-madis-hindre","tag-meelis-oidsalu","tag-news","tag-populaarseimad-lood","tag-riigikontroll","tag-rkik","tag-top-stories","tag-topstories","tag-uldised-uudised","tag-uudised","tag-viimased-uudised"],"share_on_mastodon":{"url":"https:\/\/pubeurope.com\/@ee\/116811132252659662","error":""},"_links":{"self":[{"href":"https:\/\/www.europesays.com\/ee\/wp-json\/wp\/v2\/posts\/213120","targetHints":{"allow":["GET"]}}],"collection":[{"href":"https:\/\/www.europesays.com\/ee\/wp-json\/wp\/v2\/posts"}],"about":[{"href":"https:\/\/www.europesays.com\/ee\/wp-json\/wp\/v2\/types\/post"}],"author":[{"embeddable":true,"href":"https:\/\/www.europesays.com\/ee\/wp-json\/wp\/v2\/users\/2"}],"replies":[{"embeddable":true,"href":"https:\/\/www.europesays.com\/ee\/wp-json\/wp\/v2\/comments?post=213120"}],"version-history":[{"count":0,"href":"https:\/\/www.europesays.com\/ee\/wp-json\/wp\/v2\/posts\/213120\/revisions"}],"wp:featuredmedia":[{"embeddable":true,"href":"https:\/\/www.europesays.com\/ee\/wp-json\/wp\/v2\/media\/213121"}],"wp:attachment":[{"href":"https:\/\/www.europesays.com\/ee\/wp-json\/wp\/v2\/media?parent=213120"}],"wp:term":[{"taxonomy":"category","embeddable":true,"href":"https:\/\/www.europesays.com\/ee\/wp-json\/wp\/v2\/categories?post=213120"},{"taxonomy":"post_tag","embeddable":true,"href":"https:\/\/www.europesays.com\/ee\/wp-json\/wp\/v2\/tags?post=213120"}],"curies":[{"name":"wp","href":"https:\/\/api.w.org\/{rel}","templated":true}]}}