{"id":213196,"date":"2026-06-25T15:30:07","date_gmt":"2026-06-25T15:30:07","guid":{"rendered":"https:\/\/www.europesays.com\/ee\/213196\/"},"modified":"2026-06-25T15:30:07","modified_gmt":"2026-06-25T15:30:07","slug":"15-eesti-noort-tulevikulootust-voistlevad-juunioride-motokrossi-mmil","status":"publish","type":"post","link":"https:\/\/www.europesays.com\/ee\/213196\/","title":{"rendered":"15 Eesti noort tulevikulootust v\u00f5istlevad juunioride motokrossi MMil"},"content":{"rendered":"<p>Jin\u00edni looduslik rada on savise pinnasega, lainelise profiiliga ja v\u00e4ga tehniline. V\u00f5istlusele on \u00fcles antud 282 s\u00f5itjat 40 riigist maailmas, mis on rekordiline hulk osav\u00f5tjaid. V\u00f5istlusklasse on MM-il kolm: 125cc juunioride maailmameistriv\u00f5istlused (100 v\u00f5istlejat), 85cc juunioride maailmameistriv\u00f5istlused (94 v\u00f5istlejat) ja 65cc juunioride maailma karikas (88 v\u00f5istlejat).<\/p>\n<p>\u00abSel aastal on meil taaskord v\u00e4ga tugev juunioride koondis \u2013 15 tugevat sportlast, kes on ennast t\u00f5estanud nii Eestis kui v\u00e4lismaal v\u00f5isteldes,\u00bb \u00fctles Eesti juunioride motokrossi MM-koondise m\u00e4ned\u017eer on Henri Haramaa. \u00abUsun, et k\u00f5ige t\u00e4htsam selle v\u00f5istluse juures on iseendasse uskuda ja anda endast maksimum \u2013 k\u00f5ik on v\u00f5imalik nii kaua, kuni fini\u0161lipp v\u00e4lja tuleb.\u00bb<\/p>\n<p>Eestil on tugevaimad soosikud esik\u00fcmne kohtadele Lucas Leok, kes hoiab EMX125 klassi Euroopa meistriv\u00f5istlustel 9. kohta, Theo Kolts, Gregor Lootus ja Robin Robert Mooses ning Jaan Aron Vahter.<\/p>\n<p>\u00abSel hooajal oleme koondisega valmistunud rohkem kui eelmistel aastatel,\u00bb lisas Haramaa. \u00abToimunud on kaks EMF-i noortelaagrit, millest ka meie juunioride koondise kandidaadid osa v\u00f5tsid. Lisaks teeme koos koondise treeneri Tanel Leokiga veel \u00fche viimase koondise treeningu T\u0161ehhis 1. Juulil, et meie sportlased saaksid hea tunde enne v\u00f5istlust.\u00bb EMF-i juhatuse poolt pakub koondisele tuge Jaanus Tamme.<\/p>\n<p>Eesti koondis juunioride MMil<\/p>\n<p>65cc<\/p>\n<p>Jaan Aron Vahter (KTM), Mattias Asi (Husqvarna), Hermann Tamme (GasGas), Martin-Markus Ansi (GasGas), Ralf Vanatoa (KTM)<\/p>\n<p>85cc<\/p>\n<p>Robin Robert Mooses (Husqvarna), Oliver Saar (Husqvarna), Theo Kolts (GasGas), Gregor Lootus (KTM), Johann Hansman (KTM)<\/p>\n<p>125cc<\/p>\n<p>Travis Leok (Husqvarna), Lucas Leok (KTM), Aston Allas (Yamaha, Enri Lustus (Husqvarna), Marten Raud (Husqvarna).<\/p>\n","protected":false},"excerpt":{"rendered":"Jin\u00edni looduslik rada on savise pinnasega, lainelise profiiliga ja v\u00e4ga tehniline. V\u00f5istlusele on \u00fcles antud 282 s\u00f5itjat 40&hellip;\n","protected":false},"author":2,"featured_media":213197,"comment_status":"","ping_status":"","sticky":false,"template":"","format":"standard","meta":{"footnotes":"","_share_on_mastodon":"0"},"categories":[18],"tags":[37,33,35,5289,87244,87241,34,36,70149,87240,87243,87239,60619,84179,159,158,7534,87242],"class_list":["post-213196","post","type-post","status-publish","format-standard","has-post-thumbnail","category-sport","tag-ee","tag-eesti","tag-eesti-keel","tag-eesti-koondis","tag-emf","tag-emx125","tag-estonia","tag-estonian","tag-gregor-lootus","tag-henri-haramaa","tag-jaan-aron-vahter","tag-juunioride-motokrossi-maailmameistrivoistlused","tag-lucas-leok","tag-robin-robert-mooses","tag-sport","tag-sports","tag-tanel-leok","tag-theo-kolts"],"share_on_mastodon":{"url":"https:\/\/pubeurope.com\/@ee\/116811466360177603","error":""},"_links":{"self":[{"href":"https:\/\/www.europesays.com\/ee\/wp-json\/wp\/v2\/posts\/213196","targetHints":{"allow":["GET"]}}],"collection":[{"href":"https:\/\/www.europesays.com\/ee\/wp-json\/wp\/v2\/posts"}],"about":[{"href":"https:\/\/www.europesays.com\/ee\/wp-json\/wp\/v2\/types\/post"}],"author":[{"embeddable":true,"href":"https:\/\/www.europesays.com\/ee\/wp-json\/wp\/v2\/users\/2"}],"replies":[{"embeddable":true,"href":"https:\/\/www.europesays.com\/ee\/wp-json\/wp\/v2\/comments?post=213196"}],"version-history":[{"count":0,"href":"https:\/\/www.europesays.com\/ee\/wp-json\/wp\/v2\/posts\/213196\/revisions"}],"wp:featuredmedia":[{"embeddable":true,"href":"https:\/\/www.europesays.com\/ee\/wp-json\/wp\/v2\/media\/213197"}],"wp:attachment":[{"href":"https:\/\/www.europesays.com\/ee\/wp-json\/wp\/v2\/media?parent=213196"}],"wp:term":[{"taxonomy":"category","embeddable":true,"href":"https:\/\/www.europesays.com\/ee\/wp-json\/wp\/v2\/categories?post=213196"},{"taxonomy":"post_tag","embeddable":true,"href":"https:\/\/www.europesays.com\/ee\/wp-json\/wp\/v2\/tags?post=213196"}],"curies":[{"name":"wp","href":"https:\/\/api.w.org\/{rel}","templated":true}]}}